{"id":3376,"date":"2024-02-14T13:12:06","date_gmt":"2024-02-14T13:12:06","guid":{"rendered":"https:\/\/politicapatagonica.com\/?p=3376"},"modified":"2024-02-14T13:12:07","modified_gmt":"2024-02-14T13:12:07","slug":"milei-privatizo-su-nexo-con-la-pampa","status":"publish","type":"post","link":"https:\/\/politicapatagonica.com\/index.php\/2024\/02\/14\/milei-privatizo-su-nexo-con-la-pampa\/","title":{"rendered":"Milei privatiz\u00f3 su nexo con La Pampa"},"content":{"rendered":"\n<p>El gobierno nacional de&nbsp;<strong>Javier Milei &#8220;privatiz\u00f3&#8221;, o quiz\u00e1 est\u00e9 mejor dicho &#8220;partidiz\u00f3&#8221; su nexo con la provincia de La Pampa<\/strong>: aunque parezca ins\u00f3lito, y mientras el propio gobierno provincial plantea el problema de la falta de interlocuci\u00f3n con el gobierno central, el que act\u00faa como aceitador de esas relaciones es un dirigente al que ni siquiera formalizaron con un cargo p\u00fablico:&nbsp;<strong>Luciano Ortiz, cara visible del partido La Libertad Avanza<\/strong>.<\/p>\n\n\n\n<p>El propio Ortiz explic\u00f3 su rol: &#8220;No cumplo funci\u00f3n, soy referente de La Libertad Avanza en La Pampa y de alguna manera nexo entre el gobierno nacional y algunas solicitudes y requerimientos de distintos sectores de la provincia&#8221;.<\/p>\n\n\n\n<p>Insisti\u00f3 en que &#8220;<strong>es mi trabajo y mi funci\u00f3n dentro del gobierno<\/strong>. Es una funci\u00f3n natural, org\u00e1nica, no que implique cargo o t\u00edtulo espec\u00edfico. El gobierno nos utiliza como v\u00eda de intermediaci\u00f3n y contacto para los que suceda en la provincia&#8221;.<\/p>\n\n\n\n<p><strong>Las demandas de una mejor comunicaci\u00f3n con el gobierno son m\u00faltiples<\/strong>: desde el propio gobierno provincial que no conoce informaci\u00f3n vital de algunas \u00e1reas, hasta referentes de agrupaciones, organizaciones, gremios o c\u00e1maras, que tambi\u00e9n demandas pagos, datos, perspectivas de lo que viene.<\/p>\n\n\n\n<p>Ortiz dijo: &#8220;Si no tienen forma de llegar de manera directa, nos ofrecemos para hacer ese nexo&#8221;.<\/p>\n\n\n\n<p><strong>-\u00bfCrees que si esa pr\u00e1ctica la utilizara un gobierno peronista sospechar\u00edan de un curro? \u00bfPor qu\u00e9 un sector para hacer un planteo al Estado tiene que pasar por un particular?<\/strong><\/p>\n\n\n\n<p>-Podr\u00eda ser si yo ocupara alg\u00fan tipo de cargo p\u00fablico. Es la forma que ha elegido este gobierno. Si fuera otra, ser\u00eda otra. Estamos abiertos y dispuestos a tomar reclamos, analizar la situaci\u00f3n y funcionar como canal de comunicaci\u00f3n.<\/p>\n\n\n\n<p><strong>Milei no conoce La Pampa<\/strong><\/p>\n\n\n\n<p>Naci\u00f3n ni siquiera ha designado autoridades en las delegaciones locales de los variados organismos p\u00fablicos que hay en La Pampa (PAMI, ANSES, INAES, INADI, entre otros).<\/p>\n\n\n\n<p>&#8220;Nosotros canalizamos las problem\u00e1ticas en las \u00e1reas que corresponda&#8221;, dijo Ortiz. Y anunci\u00f3 en declaraciones a Radio Kerm\u00e9s que esas designaciones est\u00e1n retardadas.&nbsp;&#8220;Las designaciones de autoridades vienen como atrasadas. Se explica porque en pr\u00e1cticamente todos los organismos se llevan a cabo auditor\u00edas para que esos organismos trabajen de manera eficiente y para lo que fueron creados, y no para pol\u00edtica partidaria&#8221;, apunt\u00f3.<\/p>\n\n\n\n<p><strong>-\u00bfEl gobierno tiene en la provincia otras referencias adem\u00e1s de vos y tu partido?<\/strong><\/p>\n\n\n\n<p>-No, para nada. Por lo menos no en La Pampa. Ac\u00e1 la referencia es el Partido Libertario, lo ha sido siempre, contin\u00faa as\u00ed y as\u00ed seguir\u00e1. Si hay otros sectores que se manifiesten a favor o hagan alguna acci\u00f3n en consonancia es otra cuesti\u00f3n, es decisi\u00f3n de esos espacios, no hay un acuerdo en particular ni alianza.<\/p>\n\n\n\n<p><strong>-\u00bfMilei conoce la provincia?<\/strong><\/p>\n\n\n\n<p>&#8211; El presidente no conoce la provincia f\u00edsicamente, pero sabe mucho por lo que le contamos.<\/p>\n\n\n\n<p><strong>-\u00bfY qu\u00e9 sabe de la provincia?<\/strong><\/p>\n\n\n\n<p>-Que es una provincia estancada, que desde la vuelta de la democracia no desarrolla matriz industrial, productiva; en la que nuestros j\u00f3venes emigran, que tiene deficiencias en la infraestructura. Esas problem\u00e1ticas est\u00e1n debidamente informadas.<\/p>\n\n\n\n<p><strong>-\u00bfDir\u00edas que Milei tom\u00f3 alguna medida a favor del pueblo pampeano?<\/strong><\/p>\n\n\n\n<p>-No creo que Milei tome medidas que beneficien al pueblo de una provincia en particular, porque debe favorecer al conjunto de todos los argentinos y eso es lo que estamos viendo en un gobierno que apenas lleva dos meses de rodaje. No se analiza una provincia espec\u00edfica.<\/p>\n\n\n\n<p><strong>-Pero s\u00ed tom\u00f3 medidas que perjudican a la provincia, entre ellas la eliminaci\u00f3n de la obra p\u00fablica que ya provoc\u00f3 cientos de despidos&#8230;<\/strong><\/p>\n\n\n\n<p>-Eso es algo que sucede todos los a\u00f1os, no es de ahora, seguro los trabajadores se vuelvan a reincorporar.<\/p>\n\n\n\n<p><strong>Fuente: eldiariodelapampa.com.ar<\/strong><\/p>\n","protected":false},"excerpt":{"rendered":"<p>El gobierno nacional de&nbsp;Javier Milei &#8220;privatiz\u00f3&#8221;, o quiz\u00e1 est\u00e9 mejor dicho &#8220;partidiz\u00f3&#8221; su nexo con la provincia de La Pampa: aunque parezca ins\u00f3lito, y mientras el propio gobierno provincial plantea el problema de la falta de interlocuci\u00f3n con el gobierno central, el que act\u00faa como aceitador de esas relaciones es un dirigente al que ni [&hellip;]<\/p>\n","protected":false},"author":5,"featured_media":3377,"comment_status":"open","ping_status":"open","sticky":false,"template":"","format":"standard","meta":[],"categories":[10],"tags":[],"_links":{"self":[{"href":"https:\/\/politicapatagonica.com\/index.php\/wp-json\/wp\/v2\/posts\/3376"}],"collection":[{"href":"https:\/\/politicapatagonica.com\/index.php\/wp-json\/wp\/v2\/posts"}],"about":[{"href":"https:\/\/politicapatagonica.com\/index.php\/wp-json\/wp\/v2\/types\/post"}],"author":[{"embeddable":true,"href":"https:\/\/politicapatagonica.com\/index.php\/wp-json\/wp\/v2\/users\/5"}],"replies":[{"embeddable":true,"href":"https:\/\/politicapatagonica.com\/index.php\/wp-json\/wp\/v2\/comments?post=3376"}],"version-history":[{"count":1,"href":"https:\/\/politicapatagonica.com\/index.php\/wp-json\/wp\/v2\/posts\/3376\/revisions"}],"predecessor-version":[{"id":3378,"href":"https:\/\/politicapatagonica.com\/index.php\/wp-json\/wp\/v2\/posts\/3376\/revisions\/3378"}],"wp:featuredmedia":[{"embeddable":true,"href":"https:\/\/politicapatagonica.com\/index.php\/wp-json\/wp\/v2\/media\/3377"}],"wp:attachment":[{"href":"https:\/\/politicapatagonica.com\/index.php\/wp-json\/wp\/v2\/media?parent=3376"}],"wp:term":[{"taxonomy":"category","embeddable":true,"href":"https:\/\/politicapatagonica.com\/index.php\/wp-json\/wp\/v2\/categories?post=3376"},{"taxonomy":"post_tag","embeddable":true,"href":"https:\/\/politicapatagonica.com\/index.php\/wp-json\/wp\/v2\/tags?post=3376"}],"curies":[{"name":"wp","href":"https:\/\/api.w.org\/{rel}","templated":true}]}}