{"id":3368,"date":"2024-02-09T13:27:50","date_gmt":"2024-02-09T13:27:50","guid":{"rendered":"https:\/\/politicapatagonica.com\/?p=3368"},"modified":"2024-02-09T13:27:52","modified_gmt":"2024-02-09T13:27:52","slug":"merino-le-pidio-a-la-cooperativa-numeros-claros-no-oscuros","status":"publish","type":"post","link":"https:\/\/politicapatagonica.com\/index.php\/2024\/02\/09\/merino-le-pidio-a-la-cooperativa-numeros-claros-no-oscuros\/","title":{"rendered":"Merino le pidi\u00f3 a la Cooperativa \u201cn\u00fameros claros, no oscuros\u201d"},"content":{"rendered":"\n<p>El intendente de Trelew, Gerardo Merino, pidi\u00f3 a la Cooperativa El\u00e9ctrica que \u201cno haya oscuros\u201d y revean la manera de recaudar porque \u201cno siempre podemos caerle al usuario\u201d a trav\u00e9s de aumentos tarifarios. Solicit\u00f3 que los \u201cn\u00fameros sean claros\u201d al momento de peticionar una readecuaci\u00f3n en los esquemas de costos por los servicios prestados a la ciudadan\u00eda.<\/p>\n\n\n\n<p>M\u00e1s all\u00e1 de solicitudes puntuales, el intendente destac\u00f3 el \u201cdi\u00e1logo\u201d respetuoso y maduro entre las instituciones. \u201cEl consenso es la base de todo entendimiento\u201d, plante\u00f3 el mandatario municipal. Atento a \u201coptimizar\u201d la prestaci\u00f3n de los servicios p\u00fablicos en la ciudad, el Municipio de Trelew analiz\u00f3 con autoridades de la Cooperativa El\u00e9ctrica distintos mecanismos que aseguren previsibilidad al usuario. Y para ello, Merino convoc\u00f3 al presidente de la entidad, Jorge Lincheo, y parte de su comisi\u00f3n directiva, para estudiar opciones que impliquen mejorar la calidad de las prestaciones, y al mismo tiempo soluciones los inconvenientes financieros de la empresa.<\/p>\n\n\n\n<p>Culminado el encuentro, Merino apunt\u00f3: \u201cPedimos que los n\u00fameros est\u00e9n claros, que no haya oscuros. Durante mucho tiempo se habla de manejos que no est\u00e1n bien dentro de la Cooperativa, entonces, hay que mostrar (lo que se hace). Si hay que tomar una determinaci\u00f3n, hay que poner las cartas sobre la mesa y analizar los n\u00fameros. Adem\u00e1s, la sociedad de Trelew tiene que saber en qu\u00e9 se gasta, c\u00f3mo y qu\u00e9 ajustes har\u00e1n dentro de la Cooperativa\u201d.<\/p>\n\n\n\n<p>En este sentido, compar\u00f3: \u201cDentro del Estado municipal hicimos un reordenamiento que nos permiti\u00f3, en el primer mes de gesti\u00f3n, un ahorro de 250 millones de pesos; en la Cooperativa tendr\u00e1n que hacer los ajustes necesarios para llegar a una disminuci\u00f3n de los costos\u201d. \u201cDeber\u00edan analizar de qu\u00e9 manera recaudar, incluso hay muchas conexiones clandestinas\u201d que bien podr\u00edan identificar y actuar en consecuencia, pero \u201cno podemos caer siempre en el usuario, aumentando\u201d los servicios, declar\u00f3 el intendente. Las partes, adem\u00e1s de acordar acciones conjuntas referidas no solo al desarrollo del funcionamiento de la Cooperativa, tambi\u00e9n debatieron temas de relevancia para el ciudadano.<\/p>\n\n\n\n<p>Por su parte, el presidente de la Cooperativa, Jorge Lincheo, se\u00f1al\u00f3: \u201cManifestamos al intendente nuestra predisposici\u00f3n para trabajar en conjunto de ac\u00e1 en adelante, y poder mantener de pie la empresa m\u00e1s importante de la ciudad\u201d.#<\/p>\n\n\n\n<p><strong>Fuente: www.diariojornada.com.ar<\/strong><\/p>\n","protected":false},"excerpt":{"rendered":"<p>El intendente de Trelew, Gerardo Merino, pidi\u00f3 a la Cooperativa El\u00e9ctrica que \u201cno haya oscuros\u201d y revean la manera de recaudar porque \u201cno siempre podemos caerle al usuario\u201d a trav\u00e9s de aumentos tarifarios. Solicit\u00f3 que los \u201cn\u00fameros sean claros\u201d al momento de peticionar una readecuaci\u00f3n en los esquemas de costos por los servicios prestados a [&hellip;]<\/p>\n","protected":false},"author":5,"featured_media":3369,"comment_status":"open","ping_status":"open","sticky":false,"template":"","format":"standard","meta":[],"categories":[14],"tags":[],"_links":{"self":[{"href":"https:\/\/politicapatagonica.com\/index.php\/wp-json\/wp\/v2\/posts\/3368"}],"collection":[{"href":"https:\/\/politicapatagonica.com\/index.php\/wp-json\/wp\/v2\/posts"}],"about":[{"href":"https:\/\/politicapatagonica.com\/index.php\/wp-json\/wp\/v2\/types\/post"}],"author":[{"embeddable":true,"href":"https:\/\/politicapatagonica.com\/index.php\/wp-json\/wp\/v2\/users\/5"}],"replies":[{"embeddable":true,"href":"https:\/\/politicapatagonica.com\/index.php\/wp-json\/wp\/v2\/comments?post=3368"}],"version-history":[{"count":1,"href":"https:\/\/politicapatagonica.com\/index.php\/wp-json\/wp\/v2\/posts\/3368\/revisions"}],"predecessor-version":[{"id":3370,"href":"https:\/\/politicapatagonica.com\/index.php\/wp-json\/wp\/v2\/posts\/3368\/revisions\/3370"}],"wp:featuredmedia":[{"embeddable":true,"href":"https:\/\/politicapatagonica.com\/index.php\/wp-json\/wp\/v2\/media\/3369"}],"wp:attachment":[{"href":"https:\/\/politicapatagonica.com\/index.php\/wp-json\/wp\/v2\/media?parent=3368"}],"wp:term":[{"taxonomy":"category","embeddable":true,"href":"https:\/\/politicapatagonica.com\/index.php\/wp-json\/wp\/v2\/categories?post=3368"},{"taxonomy":"post_tag","embeddable":true,"href":"https:\/\/politicapatagonica.com\/index.php\/wp-json\/wp\/v2\/tags?post=3368"}],"curies":[{"name":"wp","href":"https:\/\/api.w.org\/{rel}","templated":true}]}}