{"id":3359,"date":"2024-02-08T13:35:29","date_gmt":"2024-02-08T13:35:29","guid":{"rendered":"https:\/\/politicapatagonica.com\/?p=3359"},"modified":"2024-02-08T13:35:31","modified_gmt":"2024-02-08T13:35:31","slug":"greve-puntualizo-los-errores-del-gobierno-nacional-en-el-tratamiento","status":"publish","type":"post","link":"https:\/\/politicapatagonica.com\/index.php\/2024\/02\/08\/greve-puntualizo-los-errores-del-gobierno-nacional-en-el-tratamiento\/","title":{"rendered":"Greve puntualiz\u00f3 los errores del Gobierno nacional en el tratamiento"},"content":{"rendered":"\n<p><br>El legislador provincial de FORJA, Federico Greve, expres\u00f3 cr\u00edticas hacia el Gobierno nacional por su gesti\u00f3n en el debate sobre la Ley \u00d3mnibus, se\u00f1alando la importancia de buscar consensos y respetar a los interlocutores durante el proceso legislativo.<\/p>\n\n\n\n<p>En palabras textuales, Greve declar\u00f3:&nbsp;<strong><em>\u201cSiempre lo dijimos, una ley que no se discute, o que no se lleva al seno de la c\u00e1mara para discutir realmente, tiene destino de fracaso. Porque vos ten\u00e9s que buscar los consensos para trabajar con todos los espacios. Es parte de lo que tiene que hacer la pol\u00edtica, m\u00e1s ponerse de acuerdo en los consensos, tener disensos para ciertas cosas, pero siempre priorizando los intereses de los argentinos\u201d<\/em><\/strong>.<\/p>\n\n\n\n<p>Adem\u00e1s, el legislador critic\u00f3 el trato del Gobierno hacia ciertos dirigentes, incluso de su propia fuerza afirmando:&nbsp;<strong><em>\u201cNo busc\u00f3 los consensos necesarios para presentar el proyecto. [&#8230;] Maltratar a los propios, me parece que eso es parte del gran error que tiene el Gobierno Nacional al tratar de querer imponer su posici\u00f3n\u201d<\/em><\/strong>.<\/p>\n\n\n\n<p>Greve tambi\u00e9n hizo hincapi\u00e9 en la incoherencia legislativa, expresando\u00a0<strong><em>\u201clo poco pr\u00e1ctico que fue, que le votaron las facultades delegadas, que era algo importante para el gobierno Nacional, y como esto es parte de una Ley \u00d3mnibus, donde hay un mont\u00f3n de articulados, lo mandaron a comisi\u00f3n para seguir discutiendo\u201d<\/em><\/strong>.<\/p>\n\n\n\n<p>Finalmente, el legislador llam\u00f3 a la acci\u00f3n, pidiendo&nbsp;<strong><em>\u201ctrabajar en una Argentina unida en serio y no por un eslogan. Entre los disensos, uno tiene que tratar de llegar a los consensos necesarios para hacer las mejores herramientas, o las mejores soluciones que se tengan\u201d<\/em><\/strong>.<\/p>\n\n\n\n<p>El legislador Federico Greve concluy\u00f3 su declaraci\u00f3n criticando la falta de propuestas concretas del Gobierno para abordar problemas como la inflaci\u00f3n:\u00a0<strong><em>\u201cSi son dirigentes nacionales, son diputados nacionales, algunos son senadores. Porque todos se quieren quedar con la soluci\u00f3n para despu\u00e9s vend\u00e9rsela a la gente, y eso no habla de en beneficio de los argentinos. Habla en beneficio personal de un espacio o de un grupo de personas\u201d<\/em><\/strong>.<\/p>\n\n\n\n<p><strong>Fuente: www.eldiariodelfindelmundo.com<\/strong><\/p>\n","protected":false},"excerpt":{"rendered":"<p>El legislador provincial de FORJA, Federico Greve, expres\u00f3 cr\u00edticas hacia el Gobierno nacional por su gesti\u00f3n en el debate sobre la Ley \u00d3mnibus, se\u00f1alando la importancia de buscar consensos y respetar a los interlocutores durante el proceso legislativo. En palabras textuales, Greve declar\u00f3:&nbsp;\u201cSiempre lo dijimos, una ley que no se discute, o que no se [&hellip;]<\/p>\n","protected":false},"author":5,"featured_media":3360,"comment_status":"open","ping_status":"open","sticky":false,"template":"","format":"standard","meta":[],"categories":[11],"tags":[],"_links":{"self":[{"href":"https:\/\/politicapatagonica.com\/index.php\/wp-json\/wp\/v2\/posts\/3359"}],"collection":[{"href":"https:\/\/politicapatagonica.com\/index.php\/wp-json\/wp\/v2\/posts"}],"about":[{"href":"https:\/\/politicapatagonica.com\/index.php\/wp-json\/wp\/v2\/types\/post"}],"author":[{"embeddable":true,"href":"https:\/\/politicapatagonica.com\/index.php\/wp-json\/wp\/v2\/users\/5"}],"replies":[{"embeddable":true,"href":"https:\/\/politicapatagonica.com\/index.php\/wp-json\/wp\/v2\/comments?post=3359"}],"version-history":[{"count":1,"href":"https:\/\/politicapatagonica.com\/index.php\/wp-json\/wp\/v2\/posts\/3359\/revisions"}],"predecessor-version":[{"id":3361,"href":"https:\/\/politicapatagonica.com\/index.php\/wp-json\/wp\/v2\/posts\/3359\/revisions\/3361"}],"wp:featuredmedia":[{"embeddable":true,"href":"https:\/\/politicapatagonica.com\/index.php\/wp-json\/wp\/v2\/media\/3360"}],"wp:attachment":[{"href":"https:\/\/politicapatagonica.com\/index.php\/wp-json\/wp\/v2\/media?parent=3359"}],"wp:term":[{"taxonomy":"category","embeddable":true,"href":"https:\/\/politicapatagonica.com\/index.php\/wp-json\/wp\/v2\/categories?post=3359"},{"taxonomy":"post_tag","embeddable":true,"href":"https:\/\/politicapatagonica.com\/index.php\/wp-json\/wp\/v2\/tags?post=3359"}],"curies":[{"name":"wp","href":"https:\/\/api.w.org\/{rel}","templated":true}]}}