{"id":3356,"date":"2024-02-07T14:36:15","date_gmt":"2024-02-07T14:36:15","guid":{"rendered":"https:\/\/politicapatagonica.com\/?p=3356"},"modified":"2024-02-07T14:36:17","modified_gmt":"2024-02-07T14:36:17","slug":"ley-omnibus-para-llancafilo-milei-es-el-traidor","status":"publish","type":"post","link":"https:\/\/politicapatagonica.com\/index.php\/2024\/02\/07\/ley-omnibus-para-llancafilo-milei-es-el-traidor\/","title":{"rendered":"Ley \u00d3mnibus: para Llancafilo, Milei es el traidor"},"content":{"rendered":"\n<p>Este mi\u00e9rcoles se produjo una sesi\u00f3n vital para la aprobaci\u00f3n de la\u00a0<strong>Ley \u00d3mnibus<\/strong>. Sin embargo, el debate por el paquete de medidas se cay\u00f3 y dicho proyecto volvi\u00f3 a comisi\u00f3n. Esto no hizo m\u00e1s que aletargar el acuerdo entre las autoridades nacionales y las provincias en temas vinculados a la coparticipaci\u00f3n del\u00a0<strong>impuesto PAIS<\/strong>\u00a0y<strong>\u00a0las privatizaciones<\/strong>. Luego de eso, hubo pol\u00e9micas en las redes sociales entre\u00a0<strong>La Libertad Avanza<\/strong>\u00a0y los\u00a0<strong>mandatarios provinciales<\/strong>.<\/p>\n\n\n\n<p>El diputado nacional por Neuqu\u00e9n,\u00a0<strong>Osvaldo Llancafilo<\/strong>, habl\u00f3 sobre la discusi\u00f3n en redes que gener\u00f3 el primer mandatario y dispar\u00f3: &#8220;<strong>El que traicion\u00f3 los acuerdos fue Javier Milei<\/strong>. Ellos (<em>La Libertad Avanza<\/em>) dijeron que iban a respetar los intereses de las provincias. De ninguna manera \u00edbamos a votar cuestiones que perjudicaran&#8221;.<\/p>\n\n\n\n<p>Adem\u00e1s, el legislador nacional<strong>&nbsp;<\/strong>afirm\u00f3 que &#8220;<strong>el que maneja el Gobierno Nacional es Santiago Caputo<\/strong>&nbsp;y es quien defini\u00f3 la vuelta de la Ley \u00d3mnibus a comisi\u00f3n&#8221;. Asimismo, destac\u00f3 que&nbsp;<strong>&#8220;estas cosas nunca han pasado en la historia de la pol\u00edtica argentina&#8221;<\/strong>.&nbsp;<\/p>\n\n\n\n<p>A la hora de hablar de la relaci\u00f3n entre el Gobierno Nacional y las provincias,\u00a0<strong>Llancafilo\u00a0<\/strong>asegur\u00f3: &#8220;El destrato contin\u00faa y\u00a0<strong>est\u00e1n cortadas todas las transferencias a las provincias<\/strong>. Hay un vicepresidente del Senado que trat\u00f3 a los gobernadores como especialistas gastar. El Gobierno tiene poca capacidad de consenso&#8221;.<\/p>\n\n\n\n<p><strong>Fuente: www.mejorinformado.com<\/strong><\/p>\n","protected":false},"excerpt":{"rendered":"<p>Este mi\u00e9rcoles se produjo una sesi\u00f3n vital para la aprobaci\u00f3n de la\u00a0Ley \u00d3mnibus. Sin embargo, el debate por el paquete de medidas se cay\u00f3 y dicho proyecto volvi\u00f3 a comisi\u00f3n. Esto no hizo m\u00e1s que aletargar el acuerdo entre las autoridades nacionales y las provincias en temas vinculados a la coparticipaci\u00f3n del\u00a0impuesto PAIS\u00a0y\u00a0las privatizaciones. Luego [&hellip;]<\/p>\n","protected":false},"author":5,"featured_media":3357,"comment_status":"open","ping_status":"open","sticky":false,"template":"","format":"standard","meta":[],"categories":[9],"tags":[],"_links":{"self":[{"href":"https:\/\/politicapatagonica.com\/index.php\/wp-json\/wp\/v2\/posts\/3356"}],"collection":[{"href":"https:\/\/politicapatagonica.com\/index.php\/wp-json\/wp\/v2\/posts"}],"about":[{"href":"https:\/\/politicapatagonica.com\/index.php\/wp-json\/wp\/v2\/types\/post"}],"author":[{"embeddable":true,"href":"https:\/\/politicapatagonica.com\/index.php\/wp-json\/wp\/v2\/users\/5"}],"replies":[{"embeddable":true,"href":"https:\/\/politicapatagonica.com\/index.php\/wp-json\/wp\/v2\/comments?post=3356"}],"version-history":[{"count":1,"href":"https:\/\/politicapatagonica.com\/index.php\/wp-json\/wp\/v2\/posts\/3356\/revisions"}],"predecessor-version":[{"id":3358,"href":"https:\/\/politicapatagonica.com\/index.php\/wp-json\/wp\/v2\/posts\/3356\/revisions\/3358"}],"wp:featuredmedia":[{"embeddable":true,"href":"https:\/\/politicapatagonica.com\/index.php\/wp-json\/wp\/v2\/media\/3357"}],"wp:attachment":[{"href":"https:\/\/politicapatagonica.com\/index.php\/wp-json\/wp\/v2\/media?parent=3356"}],"wp:term":[{"taxonomy":"category","embeddable":true,"href":"https:\/\/politicapatagonica.com\/index.php\/wp-json\/wp\/v2\/categories?post=3356"},{"taxonomy":"post_tag","embeddable":true,"href":"https:\/\/politicapatagonica.com\/index.php\/wp-json\/wp\/v2\/tags?post=3356"}],"curies":[{"name":"wp","href":"https:\/\/api.w.org\/{rel}","templated":true}]}}