{"id":3353,"date":"2024-02-07T14:04:47","date_gmt":"2024-02-07T14:04:47","guid":{"rendered":"https:\/\/politicapatagonica.com\/?p=3353"},"modified":"2024-02-07T14:04:48","modified_gmt":"2024-02-07T14:04:48","slug":"camarones-busca-reactivar-gestiones-ante-nacion","status":"publish","type":"post","link":"https:\/\/politicapatagonica.com\/index.php\/2024\/02\/07\/camarones-busca-reactivar-gestiones-ante-nacion\/","title":{"rendered":"Camarones busca reactivar gestiones ante Naci\u00f3n"},"content":{"rendered":"\n<p>Menna y Loyola abordaron el trabajo conjunto con la Legislatura para reactivar el trabajo en el puerto local, as\u00ed como para fortalecer el turismo en la localidad y en la regi\u00f3n.\u00a0<\/p>\n\n\n\n<p><strong>&#8220;POTENCIAL ENORME&#8221;<\/strong><\/p>\n\n\n\n<p>En este sentido, Loyola le entreg\u00f3 a Menna un pedido formal de gesti\u00f3n de permiso de pesca para el puerto de Camarones.\u00a0<\/p>\n\n\n\n<p>&#8220;Camarones tiene un potencial enorme por su ubicaci\u00f3n, por su belleza, por su potencial tur\u00edstico y productivo. El puerto es clave para el desarrollo pesquero, y para ir agreg\u00e1ndole valor a los recursos ict\u00edcolas&#8221;, resalt\u00f3 el Vicegobernador, agregando que &#8220;es una herramienta clave de desarrollo productivo y desde la Provincia debemos acompa\u00f1ar&#8221;.<\/p>\n\n\n\n<p><strong>GESTIONES<\/strong><\/p>\n\n\n\n<p>&#8220;La intendenta, que agradeci\u00f3 la visita del vicegobernador, plante\u00f3 tambi\u00e9n aspectos relacionados con la planificaci\u00f3n territorial de Camarones, la generaci\u00f3n de lotes con servicios, la mejora del sistema de potabilizaci\u00f3n y de los acueductos; y, en este sentido, la importancia del acompa\u00f1amiento del Gobierno del Chubut para realizar gestiones ante Naci\u00f3n&#8221;, informaron desde la prensa legislativa.<\/p>\n\n\n\n<p><strong>RECORRIDA<\/strong><\/p>\n\n\n\n<p>Menna tambi\u00e9n visit\u00f3 la Cooperativa El\u00e9ctrica, el Hospital Rural, la Comisar\u00eda, el Colegio Secundario 721 y el Puerto. En cada una de las instituciones dialog\u00f3 con las autoridades sobre la situaci\u00f3n de las mismas, sus proyectos y necesidades.\u00a0<\/p>\n\n\n\n<p><strong>Fuente: www.elchubut.com.ar<\/strong><\/p>\n","protected":false},"excerpt":{"rendered":"<p>Menna y Loyola abordaron el trabajo conjunto con la Legislatura para reactivar el trabajo en el puerto local, as\u00ed como para fortalecer el turismo en la localidad y en la regi\u00f3n.\u00a0 &#8220;POTENCIAL ENORME&#8221; En este sentido, Loyola le entreg\u00f3 a Menna un pedido formal de gesti\u00f3n de permiso de pesca para el puerto de Camarones.\u00a0 [&hellip;]<\/p>\n","protected":false},"author":5,"featured_media":3354,"comment_status":"open","ping_status":"open","sticky":false,"template":"","format":"standard","meta":[],"categories":[14],"tags":[],"_links":{"self":[{"href":"https:\/\/politicapatagonica.com\/index.php\/wp-json\/wp\/v2\/posts\/3353"}],"collection":[{"href":"https:\/\/politicapatagonica.com\/index.php\/wp-json\/wp\/v2\/posts"}],"about":[{"href":"https:\/\/politicapatagonica.com\/index.php\/wp-json\/wp\/v2\/types\/post"}],"author":[{"embeddable":true,"href":"https:\/\/politicapatagonica.com\/index.php\/wp-json\/wp\/v2\/users\/5"}],"replies":[{"embeddable":true,"href":"https:\/\/politicapatagonica.com\/index.php\/wp-json\/wp\/v2\/comments?post=3353"}],"version-history":[{"count":1,"href":"https:\/\/politicapatagonica.com\/index.php\/wp-json\/wp\/v2\/posts\/3353\/revisions"}],"predecessor-version":[{"id":3355,"href":"https:\/\/politicapatagonica.com\/index.php\/wp-json\/wp\/v2\/posts\/3353\/revisions\/3355"}],"wp:featuredmedia":[{"embeddable":true,"href":"https:\/\/politicapatagonica.com\/index.php\/wp-json\/wp\/v2\/media\/3354"}],"wp:attachment":[{"href":"https:\/\/politicapatagonica.com\/index.php\/wp-json\/wp\/v2\/media?parent=3353"}],"wp:term":[{"taxonomy":"category","embeddable":true,"href":"https:\/\/politicapatagonica.com\/index.php\/wp-json\/wp\/v2\/categories?post=3353"},{"taxonomy":"post_tag","embeddable":true,"href":"https:\/\/politicapatagonica.com\/index.php\/wp-json\/wp\/v2\/tags?post=3353"}],"curies":[{"name":"wp","href":"https:\/\/api.w.org\/{rel}","templated":true}]}}