{"id":3349,"date":"2024-02-06T13:56:20","date_gmt":"2024-02-06T13:56:20","guid":{"rendered":"https:\/\/politicapatagonica.com\/?p=3349"},"modified":"2024-02-06T13:56:22","modified_gmt":"2024-02-06T13:56:22","slug":"sabarots-se-diferencia-de-la-diputada-coli-tendra-que-hacerse-cargo","status":"publish","type":"post","link":"https:\/\/politicapatagonica.com\/index.php\/2024\/02\/06\/sabarots-se-diferencia-de-la-diputada-coli-tendra-que-hacerse-cargo\/","title":{"rendered":"Sabarots se diferencia de la diputada Coli: &#8220;tendr\u00e1 que hacerse cargo&#8221;"},"content":{"rendered":"\n<p>Si bien no quiso hacer referencias ni cuestionamientos personales, el&nbsp;<strong>intendente de General Acha Abel Sabarots<\/strong>&nbsp;reafirm\u00f3 su distanciamiento de la postura mayoritaria del radicalismo y se diferenci\u00f3 de la diputada nacional de ese espacio,&nbsp;<strong>Marcela Coli<\/strong>, respecto del posicionamiento frente a la Ley \u00d3mnibus.<\/p>\n\n\n\n<p>Como inform\u00f3 El Diario, Sabarots ya hab\u00eda destacado tras la sesi\u00f3n el voto contrario de Facundo Manes, al que salud\u00f3 con un &#8220;hay radicalismo&#8221;. Ahora reafirm\u00f3 su postura, coherente adem\u00e1s con lo que viene planteando desde el a\u00f1o pasado antes de que llegara el tiempo electoral.<\/p>\n\n\n\n<p>&#8220;Debemos defender las cuestiones que son medulares del radicalismo&#8221;, advirti\u00f3 el exdiputado provincial, uno de los dirigentes de la UCR que mejor parado sali\u00f3 de las elecciones provinciales de 2023, cuando fue reelecto con un alto porcentaje de votos. Respecto de Coli, se\u00f1al\u00f3:\u00a0<strong>&#8220;tendr\u00e1 que defender y hacerse cargo de lo que vot\u00f3&#8221;<\/strong>.<\/p>\n\n\n\n<p>&#8220;Coincido en lo que plante\u00f3 Manes. Si bien hay dos posturas (en la UCR), me identifico m\u00e1s con lo que expres\u00f3 Manes, por todas las consideraciones, por reconocer que debemos ir\u00a0<strong>en busca de la justicia social y en defensa de la educaci\u00f3n p\u00fablica<\/strong>, de cuestiones que son medulares del radicalismo&#8221;, insisti\u00f3 el jefe comunal achense.<\/p>\n\n\n\n<p>Respecto de la representante de la UCR pampeana en el Congreso, ante una consulta puntual que le hicieron en Radio Kerm\u00e9s, aclar\u00f3: &#8220;no me gusta opinar sobre la postura de los otros, pero se tiene que hacer cargo y defender porque lo vot\u00f3. S\u00e9 que el presidente del bloque quiso otorgar las herramientas justas y necesarias para el nuevo gobierno, pero\u00a0<strong>este gobierno nacional debe cuidar tambi\u00e9n las formas, porque maltrat\u00f3 a las y los diputados nuevamente y son cosas a tener en cuenta<\/strong>. Tambi\u00e9n s\u00e9 que diferentes gobiernos han desvirtuado los DNU y la emergencia, pero ahora estamos hablando de alguien que va contra los preceptos que son centrales para nuestro partido&#8221;, reafirm\u00f3.\u00a0<\/p>\n\n\n\n<p>Sobre lo que viene, Sabarots sostuvo: &#8220;en el tratamiento particular, creo que el radicalismo s\u00ed va a oponerse en muchos art\u00edculos, las tres cuestiones principales son la delegaci\u00f3n de facultades legislativas, la emergencia y el cap\u00edtulo de privatizaciones. Creo que en ese sentido el radicalismo tiene en claro qu\u00e9 cosas no, o al menos aspiro que sea as\u00ed&#8221;.<\/p>\n\n\n\n<p>&#8220;<strong>La ciudadan\u00eda nos puso en el lugar de oposici\u00f3n y espero que en cuatro a\u00f1os podamos tener un candidato presidencial<\/strong>, porque tenemos con qu\u00e9, con una autocr\u00edtica, para salir fortalecidos, cercana a la gente y con los valores propios del radicalismo&#8221;, complet\u00f3.<\/p>\n\n\n\n<p><strong>Fuente: www.eldiariodelapampa.com.ar<\/strong><\/p>\n","protected":false},"excerpt":{"rendered":"<p>Si bien no quiso hacer referencias ni cuestionamientos personales, el&nbsp;intendente de General Acha Abel Sabarots&nbsp;reafirm\u00f3 su distanciamiento de la postura mayoritaria del radicalismo y se diferenci\u00f3 de la diputada nacional de ese espacio,&nbsp;Marcela Coli, respecto del posicionamiento frente a la Ley \u00d3mnibus. Como inform\u00f3 El Diario, Sabarots ya hab\u00eda destacado tras la sesi\u00f3n el voto [&hellip;]<\/p>\n","protected":false},"author":5,"featured_media":3350,"comment_status":"open","ping_status":"open","sticky":false,"template":"","format":"standard","meta":[],"categories":[10],"tags":[],"_links":{"self":[{"href":"https:\/\/politicapatagonica.com\/index.php\/wp-json\/wp\/v2\/posts\/3349"}],"collection":[{"href":"https:\/\/politicapatagonica.com\/index.php\/wp-json\/wp\/v2\/posts"}],"about":[{"href":"https:\/\/politicapatagonica.com\/index.php\/wp-json\/wp\/v2\/types\/post"}],"author":[{"embeddable":true,"href":"https:\/\/politicapatagonica.com\/index.php\/wp-json\/wp\/v2\/users\/5"}],"replies":[{"embeddable":true,"href":"https:\/\/politicapatagonica.com\/index.php\/wp-json\/wp\/v2\/comments?post=3349"}],"version-history":[{"count":1,"href":"https:\/\/politicapatagonica.com\/index.php\/wp-json\/wp\/v2\/posts\/3349\/revisions"}],"predecessor-version":[{"id":3351,"href":"https:\/\/politicapatagonica.com\/index.php\/wp-json\/wp\/v2\/posts\/3349\/revisions\/3351"}],"wp:featuredmedia":[{"embeddable":true,"href":"https:\/\/politicapatagonica.com\/index.php\/wp-json\/wp\/v2\/media\/3350"}],"wp:attachment":[{"href":"https:\/\/politicapatagonica.com\/index.php\/wp-json\/wp\/v2\/media?parent=3349"}],"wp:term":[{"taxonomy":"category","embeddable":true,"href":"https:\/\/politicapatagonica.com\/index.php\/wp-json\/wp\/v2\/categories?post=3349"},{"taxonomy":"post_tag","embeddable":true,"href":"https:\/\/politicapatagonica.com\/index.php\/wp-json\/wp\/v2\/tags?post=3349"}],"curies":[{"name":"wp","href":"https:\/\/api.w.org\/{rel}","templated":true}]}}