{"id":3346,"date":"2024-02-06T13:34:05","date_gmt":"2024-02-06T13:34:05","guid":{"rendered":"https:\/\/politicapatagonica.com\/?p=3346"},"modified":"2024-02-06T13:34:06","modified_gmt":"2024-02-06T13:34:06","slug":"pablo-grasso-sobre-la-ley-omnibus-confiamos-que-nuestros-legisladores-haran-lo-mejor-para-santa-cruz","status":"publish","type":"post","link":"https:\/\/politicapatagonica.com\/index.php\/2024\/02\/06\/pablo-grasso-sobre-la-ley-omnibus-confiamos-que-nuestros-legisladores-haran-lo-mejor-para-santa-cruz\/","title":{"rendered":"Pablo Grasso sobre la ley \u00f3mnibus: \u201cConfiamos que nuestros legisladores har\u00e1n lo mejor para Santa Cruz\u201d"},"content":{"rendered":"\n<p>La<strong>\u00a0C\u00e1mara de Diputados<\/strong>\u00a0retomar\u00e1 este martes a las 14 la sesi\u00f3n especial para continuar con el debate en particular de la<strong>\u00a0ley \u00f3mnibus<\/strong>, aprobada en general el viernes pasado, pero a\u00fan persisten las diferencias entre el oficialismo y bloques opositores \u201cdialoguistas\u201d sobre facultades delegadas, deuda externa, Fondo de Garant\u00eda de Sustentabilidad y privatizaciones de empresas p\u00fablicas.<\/p>\n\n\n\n<p>En la previa a la sesi\u00f3n, el intendente de R\u00edo Gallegos,&nbsp;<strong>Pablo Grasso<\/strong>, se refiri\u00f3 al paquete de medidas de Javier Milei e envi\u00f3 un mensaje a los diputados santacruce\u00f1os.<\/p>\n\n\n\n<p>\u201cConfiamos que nuestros legisladores har\u00e1n lo mejor para Santa Cruz. No queremos el sometimiento ni la Privatizaci\u00f3n de YCRT. No mas despidos, basta de pobreza ante una crisis fabricada. Basta de ajuste. Los recursos son de los santacruce\u00f1os. No hay cheque en blanco para nadie\u201d, escribi\u00f3 el intendente en sus redes sociales.<\/p>\n\n\n\n<p>La C\u00e1mara de Diputados aprob\u00f3 el viernes en general, por 144 a 109 votos, el dictamen de mayor\u00eda con los cambios acordados entre las bancadas de la&nbsp;<strong>Libertad Avanza<\/strong>&nbsp;(LLA), la&nbsp;<strong>UCR, PRO<\/strong>,<strong>&nbsp;Hacemos Coalici\u00f3n Federal e Innovaci\u00f3n<\/strong>, pero debi\u00f3 pasar a cuarto intermedio hasta este martes para poder consensuar las discrepancias sobre algunos puntos de esa norma.<\/p>\n\n\n\n<p>Los diputados santacruce\u00f1os que apoyaron la iniciativa fueron&nbsp;<strong>Roxana Reyes<\/strong>&nbsp;(Uni\u00f3n C\u00edvica Radical) y&nbsp;<strong>Jos\u00e9 Luis Garrido<\/strong>&nbsp;(Por Santa Cruz).<\/p>\n\n\n\n<p>Con respecto a los legisladores que votaron en contra de la Ley de Bases, se encuentran -tal como se hab\u00eda anticipado-\u00a0<strong>Ana Mar\u00eda Ianni<\/strong>\u00a0y\u00a0<strong>Gustavo Gonz\u00e1lez<\/strong>\u00a0(Uni\u00f3n por la Patria). Asimismo,<strong>\u00a0Sergio Acevedo<\/strong>, a pesar de pertenecer al mismo bloque que Garrido (Por Santa Cruz), se opuso a la medida.<\/p>\n\n\n\n<p><strong>Fuente: www.laopinionaustral.com.ar<\/strong><\/p>\n","protected":false},"excerpt":{"rendered":"<p>La\u00a0C\u00e1mara de Diputados\u00a0retomar\u00e1 este martes a las 14 la sesi\u00f3n especial para continuar con el debate en particular de la\u00a0ley \u00f3mnibus, aprobada en general el viernes pasado, pero a\u00fan persisten las diferencias entre el oficialismo y bloques opositores \u201cdialoguistas\u201d sobre facultades delegadas, deuda externa, Fondo de Garant\u00eda de Sustentabilidad y privatizaciones de empresas p\u00fablicas. En [&hellip;]<\/p>\n","protected":false},"author":5,"featured_media":3347,"comment_status":"open","ping_status":"open","sticky":false,"template":"","format":"standard","meta":[],"categories":[8],"tags":[],"_links":{"self":[{"href":"https:\/\/politicapatagonica.com\/index.php\/wp-json\/wp\/v2\/posts\/3346"}],"collection":[{"href":"https:\/\/politicapatagonica.com\/index.php\/wp-json\/wp\/v2\/posts"}],"about":[{"href":"https:\/\/politicapatagonica.com\/index.php\/wp-json\/wp\/v2\/types\/post"}],"author":[{"embeddable":true,"href":"https:\/\/politicapatagonica.com\/index.php\/wp-json\/wp\/v2\/users\/5"}],"replies":[{"embeddable":true,"href":"https:\/\/politicapatagonica.com\/index.php\/wp-json\/wp\/v2\/comments?post=3346"}],"version-history":[{"count":1,"href":"https:\/\/politicapatagonica.com\/index.php\/wp-json\/wp\/v2\/posts\/3346\/revisions"}],"predecessor-version":[{"id":3348,"href":"https:\/\/politicapatagonica.com\/index.php\/wp-json\/wp\/v2\/posts\/3346\/revisions\/3348"}],"wp:featuredmedia":[{"embeddable":true,"href":"https:\/\/politicapatagonica.com\/index.php\/wp-json\/wp\/v2\/media\/3347"}],"wp:attachment":[{"href":"https:\/\/politicapatagonica.com\/index.php\/wp-json\/wp\/v2\/media?parent=3346"}],"wp:term":[{"taxonomy":"category","embeddable":true,"href":"https:\/\/politicapatagonica.com\/index.php\/wp-json\/wp\/v2\/categories?post=3346"},{"taxonomy":"post_tag","embeddable":true,"href":"https:\/\/politicapatagonica.com\/index.php\/wp-json\/wp\/v2\/tags?post=3346"}],"curies":[{"name":"wp","href":"https:\/\/api.w.org\/{rel}","templated":true}]}}