{"id":3336,"date":"2024-02-05T13:15:42","date_gmt":"2024-02-05T13:15:42","guid":{"rendered":"https:\/\/politicapatagonica.com\/?p=3336"},"modified":"2024-02-05T13:15:43","modified_gmt":"2024-02-05T13:15:43","slug":"el-proyecto-era-un-leon-y-ahora-es-un-gatito","status":"publish","type":"post","link":"https:\/\/politicapatagonica.com\/index.php\/2024\/02\/05\/el-proyecto-era-un-leon-y-ahora-es-un-gatito\/","title":{"rendered":"\u201cEl proyecto era un le\u00f3n y ahora es un gatito\u201d"},"content":{"rendered":"\n<p><br>El diputado nacional por Tierra del Fuego en representaci\u00f3n del PRO, H\u00e9ctor Stefani, expuso los detalles de los distintos ajustes en el controvertido proyecto de Ley \u00d3mnibus, destacando las \u00e1reas modificadas que facilitaron su aprobaci\u00f3n. Asimismo, hizo referencia a los episodios de violencia frente al Congreso.<\/p>\n\n\n\n<p>Stefani consider\u00f3 significativos los cambios incorporados al proyecto de Ley \u00d3mnibus, destacando aspectos relevantes y abordando la aprobaci\u00f3n por mayor\u00eda el pasado viernes&nbsp;<strong><em>&#8220;Muchos de los temas que ten\u00edamos desacuerdo, los han sacado&#8221;<\/em><\/strong>, dijo. Entre las \u00e1reas modificadas, mencion\u00f3 el tema ambiental, espec\u00edficamente la exclusi\u00f3n de la referencia a bosques. Adem\u00e1s, resalt\u00f3 que algunas secciones del proyecto fueron eliminadas por completo, mientras que otras permanecieron en debate.<\/p>\n\n\n\n<p>Tambi\u00e9n abord\u00f3 el tema de las privatizaciones, sugiriendo que este aspecto facilit\u00f3 la aprobaci\u00f3n del proyecto. En relaci\u00f3n con la delegaci\u00f3n de facultades, admiti\u00f3 que, aunque se redujo el tiempo, algunas cuestiones se resolvieron a favor de la mayor\u00eda de los bloques pol\u00edticos.<\/p>\n\n\n\n<p>El legislador mencion\u00f3 una diferencia conceptual en el tema de semillas, considerando que, aunque no afecta significativamente a su regi\u00f3n, puede tener importancia para otros.<\/p>\n\n\n\n<p>En cuanto a la zona fr\u00eda, Stefani afirm\u00f3 que qued\u00f3 excluida del alcance del proyecto, aunque expres\u00f3 la necesidad de garant\u00edas adicionales. En sus palabras:&nbsp;<strong><em>&#8220;Quer\u00edamos que quede redactado un art\u00edculo, como una garant\u00eda, porque con algunas facultades, el DNU modificar\u00eda la tarifa y otra vez tendr\u00edamos problemas. Pero tenemos el compromiso de que no van a tocar la zona fr\u00eda&#8221;<\/em><\/strong>.<\/p>\n\n\n\n<p>Finalmente, H\u00e9ctor Stefani compar\u00f3 la evoluci\u00f3n del proyecto, describi\u00e9ndolo como un&nbsp;<strong><em>&#8220;le\u00f3n cuando entr\u00f3 y ahora es un gatito&#8221;<\/em><\/strong>. Afirm\u00f3 que el presidente tiene las facultades que buscaba y defendi\u00f3 la utilidad del proyecto para temas no urgentes que podr\u00edan tratarse en sesiones ordinarias.<\/p>\n\n\n\n<p>En relaci\u00f3n con los episodios de violencia frente al Congreso, Stefani conden\u00f3 cualquier forma de agresi\u00f3n, incluyendo incidentes como el que involucr\u00f3 al diputado Fernando Iglesias. Resalt\u00f3 la importancia de mantener el respeto en el debate pol\u00edtico, independientemente de las diferencias ideol\u00f3gicas.<\/p>\n\n\n\n<p><strong>Fuente: www.eldiariodelfindelmundo.com<\/strong><\/p>\n","protected":false},"excerpt":{"rendered":"<p>El diputado nacional por Tierra del Fuego en representaci\u00f3n del PRO, H\u00e9ctor Stefani, expuso los detalles de los distintos ajustes en el controvertido proyecto de Ley \u00d3mnibus, destacando las \u00e1reas modificadas que facilitaron su aprobaci\u00f3n. Asimismo, hizo referencia a los episodios de violencia frente al Congreso. Stefani consider\u00f3 significativos los cambios incorporados al proyecto de [&hellip;]<\/p>\n","protected":false},"author":5,"featured_media":3337,"comment_status":"open","ping_status":"open","sticky":false,"template":"","format":"standard","meta":[],"categories":[11],"tags":[],"_links":{"self":[{"href":"https:\/\/politicapatagonica.com\/index.php\/wp-json\/wp\/v2\/posts\/3336"}],"collection":[{"href":"https:\/\/politicapatagonica.com\/index.php\/wp-json\/wp\/v2\/posts"}],"about":[{"href":"https:\/\/politicapatagonica.com\/index.php\/wp-json\/wp\/v2\/types\/post"}],"author":[{"embeddable":true,"href":"https:\/\/politicapatagonica.com\/index.php\/wp-json\/wp\/v2\/users\/5"}],"replies":[{"embeddable":true,"href":"https:\/\/politicapatagonica.com\/index.php\/wp-json\/wp\/v2\/comments?post=3336"}],"version-history":[{"count":1,"href":"https:\/\/politicapatagonica.com\/index.php\/wp-json\/wp\/v2\/posts\/3336\/revisions"}],"predecessor-version":[{"id":3338,"href":"https:\/\/politicapatagonica.com\/index.php\/wp-json\/wp\/v2\/posts\/3336\/revisions\/3338"}],"wp:featuredmedia":[{"embeddable":true,"href":"https:\/\/politicapatagonica.com\/index.php\/wp-json\/wp\/v2\/media\/3337"}],"wp:attachment":[{"href":"https:\/\/politicapatagonica.com\/index.php\/wp-json\/wp\/v2\/media?parent=3336"}],"wp:term":[{"taxonomy":"category","embeddable":true,"href":"https:\/\/politicapatagonica.com\/index.php\/wp-json\/wp\/v2\/categories?post=3336"},{"taxonomy":"post_tag","embeddable":true,"href":"https:\/\/politicapatagonica.com\/index.php\/wp-json\/wp\/v2\/tags?post=3336"}],"curies":[{"name":"wp","href":"https:\/\/api.w.org\/{rel}","templated":true}]}}