{"id":3333,"date":"2024-02-02T13:28:03","date_gmt":"2024-02-02T13:28:03","guid":{"rendered":"https:\/\/politicapatagonica.com\/?p=3333"},"modified":"2024-02-02T13:28:05","modified_gmt":"2024-02-02T13:28:05","slug":"menna-es-un-gran-candidato-parapresidir-la-ucr-chubut","status":"publish","type":"post","link":"https:\/\/politicapatagonica.com\/index.php\/2024\/02\/02\/menna-es-un-gran-candidato-parapresidir-la-ucr-chubut\/","title":{"rendered":"Menna &#8220;es un gran candidato&#8221; parapresidir la UCR Chubut"},"content":{"rendered":"\n<p><strong>Dulio Monti<\/strong>, concejal de Rawson e integrante del Comit\u00e9 provincial de la UCR, que el partido se apresta este a\u00f1o a la <strong>renovaci\u00f3n de autoridades partidarias<\/strong>, considerando como positivo que el vicegobernador\u00a0<strong>Gustavo Menna<\/strong>\u00a0llegara a presidir el espacio a nivel provincial.<\/p>\n\n\n\n<blockquote class=\"wp-block-quote\">\n<h3><strong>&#8220;El radicalismo est\u00e1 pasando por una excelente etapa, estamos culminando con una gesti\u00f3n y seguramente en el transcurso de este a\u00f1o se convoque a elecciones&#8221;, detall\u00f3.<\/strong><\/h3>\n<\/blockquote>\n\n\n\n<p>En este sentido, explic\u00f3 que entre los cargos partidarios a renovar se encuentra la presidencia de la fuerza, <strong>&#8220;seguramente se convoque a elecciones en todos los comit\u00e9s departamentales y en las categor\u00edas provinciales, despu\u00e9s vendr\u00e1 la discusi\u00f3n de qui\u00e9n ser\u00e1 candidato&#8221;.<\/strong><\/p>\n\n\n\n<p>Fue en este aspecto que <strong>consider\u00f3 al Vicegobernador como una buena opci\u00f3n para presidir el espacio <\/strong>que integra la coalici\u00f3n de Gobierno en la provincia, repasando que &#8220;nos ha representado en much\u00edsimos cargos partidarios y lo ha hecho siempre de manera excelente&#8221;.<\/p>\n\n\n\n<blockquote class=\"wp-block-quote\">\n<h3><strong>Menna &#8220;es un gran candidato -y-\u00a0lo veo con muy buenos ojos&#8221;, manifest\u00f3.<\/strong><\/h3>\n<\/blockquote>\n\n\n\n<p>Evit\u00f3 postularlo de forma directa y remarc\u00f3 que<strong> &#8220;las chances dependen de \u00e9l&#8221;,<\/strong> acotando que el ejercicio del cargo no ser\u00eda un impedimento, dado que &#8220;el radicalismo siempre ha tenido presidentes en ejercicio de cargos&#8221;.<\/p>\n\n\n\n<p>Aclar\u00f3 que las candidaturas &#8220;no se ha discutido, todo depender\u00e1 del proyecto que el radicalismo quiera encarar, pero tiene que haber consenso&#8221;.<\/p>\n\n\n\n<p>Sobre el final, valor\u00f3 la gesti\u00f3n actual al frente del partido, expresando que<strong> &#8220;estoy satisfecho con lo que logramos, hoy somos parte de un Gobierno de coalici\u00f3n, somos un partido que dialoga, que no teme a las discusiones internas y con vocaci\u00f3n de poder&#8221;.<\/strong><\/p>\n\n\n\n<p>&#8220;Hoy estamos en un momento ideal porque tenemos muchos cuadros,\u00a0despu\u00e9s de muchos a\u00f1os de haber sido castigados, <strong>hoy somos una opci\u00f3n en todos los \u00e1mbitos<\/strong>&#8220;, finaliz\u00f3.<\/p>\n\n\n\n<p><strong>Fuente: www.elchubut.com.ar<\/strong><\/p>\n","protected":false},"excerpt":{"rendered":"<p>Dulio Monti, concejal de Rawson e integrante del Comit\u00e9 provincial de la UCR, que el partido se apresta este a\u00f1o a la renovaci\u00f3n de autoridades partidarias, considerando como positivo que el vicegobernador\u00a0Gustavo Menna\u00a0llegara a presidir el espacio a nivel provincial. &#8220;El radicalismo est\u00e1 pasando por una excelente etapa, estamos culminando con una gesti\u00f3n y seguramente [&hellip;]<\/p>\n","protected":false},"author":5,"featured_media":3334,"comment_status":"open","ping_status":"open","sticky":false,"template":"","format":"standard","meta":[],"categories":[14],"tags":[],"_links":{"self":[{"href":"https:\/\/politicapatagonica.com\/index.php\/wp-json\/wp\/v2\/posts\/3333"}],"collection":[{"href":"https:\/\/politicapatagonica.com\/index.php\/wp-json\/wp\/v2\/posts"}],"about":[{"href":"https:\/\/politicapatagonica.com\/index.php\/wp-json\/wp\/v2\/types\/post"}],"author":[{"embeddable":true,"href":"https:\/\/politicapatagonica.com\/index.php\/wp-json\/wp\/v2\/users\/5"}],"replies":[{"embeddable":true,"href":"https:\/\/politicapatagonica.com\/index.php\/wp-json\/wp\/v2\/comments?post=3333"}],"version-history":[{"count":1,"href":"https:\/\/politicapatagonica.com\/index.php\/wp-json\/wp\/v2\/posts\/3333\/revisions"}],"predecessor-version":[{"id":3335,"href":"https:\/\/politicapatagonica.com\/index.php\/wp-json\/wp\/v2\/posts\/3333\/revisions\/3335"}],"wp:featuredmedia":[{"embeddable":true,"href":"https:\/\/politicapatagonica.com\/index.php\/wp-json\/wp\/v2\/media\/3334"}],"wp:attachment":[{"href":"https:\/\/politicapatagonica.com\/index.php\/wp-json\/wp\/v2\/media?parent=3333"}],"wp:term":[{"taxonomy":"category","embeddable":true,"href":"https:\/\/politicapatagonica.com\/index.php\/wp-json\/wp\/v2\/categories?post=3333"},{"taxonomy":"post_tag","embeddable":true,"href":"https:\/\/politicapatagonica.com\/index.php\/wp-json\/wp\/v2\/tags?post=3333"}],"curies":[{"name":"wp","href":"https:\/\/api.w.org\/{rel}","templated":true}]}}