{"id":3328,"date":"2024-02-02T13:17:16","date_gmt":"2024-02-02T13:17:16","guid":{"rendered":"https:\/\/politicapatagonica.com\/?p=3328"},"modified":"2024-02-02T13:18:54","modified_gmt":"2024-02-02T13:18:54","slug":"rolando-figueroa-abre-hoy-una-mesa-petrolera-con-rucci-y-las-empresas-con-foco-en-el-empleo","status":"publish","type":"post","link":"https:\/\/politicapatagonica.com\/index.php\/2024\/02\/02\/rolando-figueroa-abre-hoy-una-mesa-petrolera-con-rucci-y-las-empresas-con-foco-en-el-empleo\/","title":{"rendered":"Rolando Figueroa abre hoy una mesa petrolera con Rucci y las empresas, con foco en el empleo"},"content":{"rendered":"\n<p>El gobernador&nbsp;<strong>Rolando Figueroa<\/strong>&nbsp;abrir\u00e1 hoy una mesa con los&nbsp;<strong>sindicatos del sector petrolero, operadoras y empresas de servicios&nbsp;<\/strong>para analizar la situaci\u00f3n de la industria y avanzar en medidas que mejoren el acceso a los puestos de empleo en la provincia. Ser\u00e1 una reuni\u00f3n&nbsp;<strong>a las 11 en el camping que Petroleros Privados tiene en Centenario&nbsp;<\/strong>y con una agenda que, hasta ayer, se manten\u00eda bajo hermetismo.<\/p>\n\n\n\n<p>Junto con el mandatario estar\u00edan los ministros de Energ\u00eda, Gustavo Medele, de Infraestructura, Rub\u00e9n Etcheverry, y de Trabajo y Desarrollo Laboral, Lucas Castelli.<\/p>\n\n\n\n<p>El secretario general del sindicato petrolero, Marcelo Rucci, dijo ayer a&nbsp;<strong>Diario R\u00cdO NEGRO<\/strong>&nbsp;que la mesa tripartita buscar\u00e1&nbsp;<strong>&#8220;empezar a priorizar a los neuquinos y a las pymes de la regi\u00f3n en el empleo<\/strong>&#8220;. Dijo que &#8220;est\u00e1 pasando que vienen empresas de afuera todos los d\u00edas, en muchos casos con la gente para contratar&#8221;, lo que deja sin prioridad a los trabajadores de la provincia o incluso de la vecina R\u00edo Negro.<\/p>\n\n\n\n<p>El dirigente sindical lo describi\u00f3 como uno de los principales problemas que afectan hoy al esctor. Defini\u00f3 la actividad de hoy como &#8220;una charla&#8221; con los funcionarios, aunque ayer&nbsp;<strong>no se descartaba que tambi\u00e9n implique el puntapi\u00e9 inicial para&nbsp;el plan Emplea Neuqu\u00e9n&nbsp;<\/strong>que present\u00f3 el gobierno en reemplazo de los actuales subsidios.<\/p>\n\n\n\n<p>Cuando Figueroa anunci\u00f3 la iniciativa, la semana pasada, se hab\u00eda anticipado que en los pr\u00f3ximos d\u00edas se conformar\u00e1 la primera mesa de trabajo para comenzar a vincular a beneficiarios con el sector privado y se indic\u00f3 que involucrar\u00eda &#8220;a los sectores del petr\u00f3leo y la construcci\u00f3n&#8221; bajo el nombre de<strong>&nbsp;\u201cmesa sectorial Vaca Muerta\u201d.<\/strong><\/p>\n\n\n\n<p>Se anunci\u00f3 en ese momento que el flamante Sistema Provincial de Empleo convocar\u00eda a la&nbsp;<strong>conformaci\u00f3n de mesas sectoriales de empleo y formaci\u00f3n profesional mediante &#8220;una estructura tripartita<\/strong>&#8221;&nbsp;con presencia del Estado, empresas y c\u00e1maras, en representaci\u00f3n de empleadores, y con los sindicatos en representaci\u00f3n de los trabajadores.<\/p>\n\n\n\n<p>Adem\u00e1s de Petroleros Privados y Uocra, la presentaci\u00f3n tambi\u00e9n la acompa\u00f1aron gremios de otros rubros como UTA, Luz y Fuerza, Uthgra y Comercio, entre otros. Como parte de esas medidas, Figueroa tambi\u00e9n firm\u00f3 con los intendentes de la provincia un acta compromiso para que se priorice el empleo local en las obras realice cada municipio.<\/p>\n\n\n\n<p><strong>El plan Emplea Neuqu\u00e9n<\/strong><\/p>\n\n\n\n<p>El programa provincial Emplea Neuqu\u00e9n que present\u00f3 el gobernador Rolando Figueroa la semana pasada funcionar\u00e1 a trav\u00e9s de un portal \u00fanico de empleo web que funcionar\u00e1 como<strong>&nbsp;ventanilla exclusiva para la b\u00fasqueda de trabajo en la provincia.<\/strong><\/p>\n\n\n\n<p>El objetivo es reconvertir las pol\u00edticas de transferencia directa a trav\u00e9s de un programa de inclusi\u00f3n laboral que permitir\u00e1 que los subsidios por desocupaci\u00f3n laboral y el subsidio social transitorio, sean reemplazados por el<strong>&nbsp;&#8220;Incentivo de Apoyo a la Empleabilidad&#8221;.<\/strong><\/p>\n\n\n\n<p>El Estado har\u00e1 de intermediario con empresas y gremios.<\/p>\n\n\n\n<p><strong>Fuente: www.rionegro.com.ar<\/strong><a href=\"https:\/\/www.rionegro.com.ar\/sociedad\/organizaciones-sociales-realizaran-un-acampe-en-el-centro-de-neuquen-el-ajuste-a-la-asistencia-es-brutal-3381793\/?utm_source=lo-ultimo-portada\"><\/a><\/p>\n","protected":false},"excerpt":{"rendered":"<p>El gobernador&nbsp;Rolando Figueroa&nbsp;abrir\u00e1 hoy una mesa con los&nbsp;sindicatos del sector petrolero, operadoras y empresas de servicios&nbsp;para analizar la situaci\u00f3n de la industria y avanzar en medidas que mejoren el acceso a los puestos de empleo en la provincia. Ser\u00e1 una reuni\u00f3n&nbsp;a las 11 en el camping que Petroleros Privados tiene en Centenario&nbsp;y con una agenda [&hellip;]<\/p>\n","protected":false},"author":5,"featured_media":3329,"comment_status":"open","ping_status":"open","sticky":false,"template":"","format":"standard","meta":[],"categories":[9],"tags":[],"_links":{"self":[{"href":"https:\/\/politicapatagonica.com\/index.php\/wp-json\/wp\/v2\/posts\/3328"}],"collection":[{"href":"https:\/\/politicapatagonica.com\/index.php\/wp-json\/wp\/v2\/posts"}],"about":[{"href":"https:\/\/politicapatagonica.com\/index.php\/wp-json\/wp\/v2\/types\/post"}],"author":[{"embeddable":true,"href":"https:\/\/politicapatagonica.com\/index.php\/wp-json\/wp\/v2\/users\/5"}],"replies":[{"embeddable":true,"href":"https:\/\/politicapatagonica.com\/index.php\/wp-json\/wp\/v2\/comments?post=3328"}],"version-history":[{"count":2,"href":"https:\/\/politicapatagonica.com\/index.php\/wp-json\/wp\/v2\/posts\/3328\/revisions"}],"predecessor-version":[{"id":3331,"href":"https:\/\/politicapatagonica.com\/index.php\/wp-json\/wp\/v2\/posts\/3328\/revisions\/3331"}],"wp:featuredmedia":[{"embeddable":true,"href":"https:\/\/politicapatagonica.com\/index.php\/wp-json\/wp\/v2\/media\/3329"}],"wp:attachment":[{"href":"https:\/\/politicapatagonica.com\/index.php\/wp-json\/wp\/v2\/media?parent=3328"}],"wp:term":[{"taxonomy":"category","embeddable":true,"href":"https:\/\/politicapatagonica.com\/index.php\/wp-json\/wp\/v2\/categories?post=3328"},{"taxonomy":"post_tag","embeddable":true,"href":"https:\/\/politicapatagonica.com\/index.php\/wp-json\/wp\/v2\/tags?post=3328"}],"curies":[{"name":"wp","href":"https:\/\/api.w.org\/{rel}","templated":true}]}}