{"id":2938,"date":"2023-12-15T15:20:14","date_gmt":"2023-12-15T15:20:14","guid":{"rendered":"https:\/\/politicapatagonica.com\/?p=2938"},"modified":"2023-12-18T14:37:16","modified_gmt":"2023-12-18T14:37:16","slug":"ziliotto-en-el-puesto-8-de-los-gobernadores-con-mejor-imagen","status":"publish","type":"post","link":"https:\/\/politicapatagonica.com\/index.php\/2023\/12\/15\/ziliotto-en-el-puesto-8-de-los-gobernadores-con-mejor-imagen\/","title":{"rendered":"Sergio Ziliotto, de La Pampa, se ubic\u00f3 en el puesto 8 de los gobernadores con mejor imagen"},"content":{"rendered":"\n<p>Se conocieron los resultados de una <strong>encuesta sobre los niveles de aceptaci\u00f3n que tienen los gobernadores<\/strong> y hasta se confeccion\u00f3 un ranking, en el que <strong>el pampeano Sergio Ziliotto se ubic\u00f3 en puesto 8 con el 58,7% de imagen positiva.<\/strong><\/p>\n\n\n\n<p>El informe, elaborado por CB Consultora Opini\u00f3n P\u00fablica, se llev\u00f3 a cabo entre el 10 y el 13 de este mes, abarcando entre 601 y 1.200 casos, en cada una de las 23 provincias del pa\u00eds, m\u00e1s la Ciudad Aut\u00f3noma de Buenos Aires. El margen de error que oscila entre el 3% y 4%.<\/p>\n\n\n\n<p>Si bien este muestreo no deber\u00eda considerarse una evaluaci\u00f3n de sus gestiones, s\u00ed <strong>permite conocer la opini\u00f3n sobre los mandatarios que, en algunos casos, renovaron sus cargos durante este a\u00f1o electoral.<\/strong><\/p>\n\n\n\n<p>En t\u00e9rminos generales, todos los gobernadores concluyeron con un diferencial de imagen positiva, es decir, con m\u00e1s apoyo que cr\u00edticas. <strong>El ranking clasifica a los gobernadores en ocho categor\u00edas: los mejores, los del medio y los peores.<\/strong><\/p>\n\n\n\n<p><strong>En el grupo de los mejores, el gobernador correntino Gustavo Vald\u00e9s encabez\u00f3 la lista<\/strong> con un saldo de imagen positiva de m\u00e1s del 30%, alcanzando un 64.8% de imagen positiva y un 28.7% de imagen negativa. El podio lo completaron Hugo Passalacqua de Misiones (63,5% y 28,4%) y el tucumano Jaldo (61% y 31,5%) de Tucum\u00e1n.<\/p>\n\n\n\n<p>Ranking&nbsp;<\/p>\n\n\n\n<p>1\u00b0- Gustavo Vald\u00e9s (UCR, Corrientes): + 64.8% y &#8211; 28.7%.<\/p>\n\n\n\n<p>2\u00b0- Hugo Passalacqua de Misiones (Concordia Social, Misiones): + 63,5% y &#8211; 28,4%.<\/p>\n\n\n\n<p>3\u00b0- Osvaldo Jaldo (Frente de Todos, Tucum\u00e1n): + 61% y &#8211; 31,5%.<\/p>\n\n\n\n<p>4\u00b0- Mart\u00edn Llaryora (Peronista no K, C\u00f3rdoba): + 60,2% y &#8211; 32,4%.<\/p>\n\n\n\n<p>5\u00b0- Alfredo Cornejo (Juntos por el Cambio, Mendoza): + 59,5% y &#8211; 34,9%.<\/p>\n\n\n\n<p>6\u00b0- Marcelo Orrego (Juntos por el Cambio, San Juan): + 59,3% y &#8211; 31,5%.<\/p>\n\n\n\n<p>7\u00b0- Gerardo Zamora (Uni\u00f3n por la Patria, Santiago del Estero): + 58,7% y &#8211; 35,8%.<\/p>\n\n\n\n<p>8\u00b0- Sergio Ziliotto (Uni\u00f3n por la Patria, La Pampa): + 57,7% y &#8211; 36,6%.<\/p>\n\n\n\n<p>9\u00b0- Claudio Poggi (Juntos por el Cambio, San Luis): + 56,8% y &#8211; 32,6%.<\/p>\n\n\n\n<p>10\u00b0- Leandro Zdero (Juntos por el Cambio, Chaco): + 56,3% y &#8211; 33,5%.<\/p>\n\n\n\n<p>11\u00b0- Carlos Sadir (Juntos por el Cambio, Jujuy): + 56,2% y &#8211; 35,7%.<\/p>\n\n\n\n<p>12\u00b0- Gildo Insfr\u00e1n (Uni\u00f3n por la Patria, Formosa): + 55,8% y &#8211; 40,4%.<\/p>\n\n\n\n<p>13\u00b0- Gustavo Melella (Uni\u00f3n por la Patria, Tierra del Fuego): + 55,5% y &#8211; 38,2%.<\/p>\n\n\n\n<p>14\u00b0- Ignacio Torres (Juntos por el Cambio, Chubut): + 55,3% y &#8211; 35%.<\/p>\n\n\n\n<p>15\u00b0- Maximiliano Pullaro (Juntos por el Cambio, Santa Fe): + 53,9% y &#8211; 37,6%.<\/p>\n\n\n\n<p>16\u00b0- Gustavo S\u00e1enz (Uni\u00f3n por la Patria, Salta): + 53,8% y &#8211; 40,1%.<\/p>\n\n\n\n<p>18\u00b0- Ra\u00fal Jalil (Uni\u00f3n por la Patria, Catamarca): + 51,6% y &#8211; 41%.<\/p>\n\n\n\n<p>19\u00b0- Rolando Figueroa (fuerza local\/ex MPN, Neuqu\u00e9n): + 49,4 % y &#8211; 41,9%.<\/p>\n\n\n\n<p>20\u00b0- Axel Kicillof (Frente de Todos): + 48,7% y &#8211; 46,3%<\/p>\n\n\n\n<p>21\u00b0- Alberto Weretilneck (fuerza local, R\u00edo Negro): + 47,9% y &#8211; 44%.<\/p>\n\n\n\n<p>22\u00b0- Ricardo Quintela (Uni\u00f3n por la Patria, La Rioja): + 47,8% y &#8211; 43,9%.<\/p>\n\n\n\n<p>23\u00b0- Rogelio Frigerio (PRO, Entre R\u00edos): + 46,9% y &#8211; 42,3%.<\/p>\n\n\n\n<p>24\u00b0- Claudio Vidal (Santa Cruz): + 46,1% y &#8211; 42,8%.<\/p>\n\n\n\n<p><strong>Fuente: www.eldiariodelapampa.com.ar<\/strong><\/p>\n","protected":false},"excerpt":{"rendered":"<p>Se conocieron los resultados de una encuesta sobre los niveles de aceptaci\u00f3n que tienen los gobernadores y hasta se confeccion\u00f3 un ranking, en el que el pampeano Sergio Ziliotto se ubic\u00f3 en puesto 8 con el 58,7% de imagen positiva. El informe, elaborado por CB Consultora Opini\u00f3n P\u00fablica, se llev\u00f3 a cabo entre el 10 [&hellip;]<\/p>\n","protected":false},"author":5,"featured_media":2939,"comment_status":"open","ping_status":"open","sticky":false,"template":"","format":"standard","meta":[],"categories":[10],"tags":[],"_links":{"self":[{"href":"https:\/\/politicapatagonica.com\/index.php\/wp-json\/wp\/v2\/posts\/2938"}],"collection":[{"href":"https:\/\/politicapatagonica.com\/index.php\/wp-json\/wp\/v2\/posts"}],"about":[{"href":"https:\/\/politicapatagonica.com\/index.php\/wp-json\/wp\/v2\/types\/post"}],"author":[{"embeddable":true,"href":"https:\/\/politicapatagonica.com\/index.php\/wp-json\/wp\/v2\/users\/5"}],"replies":[{"embeddable":true,"href":"https:\/\/politicapatagonica.com\/index.php\/wp-json\/wp\/v2\/comments?post=2938"}],"version-history":[{"count":2,"href":"https:\/\/politicapatagonica.com\/index.php\/wp-json\/wp\/v2\/posts\/2938\/revisions"}],"predecessor-version":[{"id":2953,"href":"https:\/\/politicapatagonica.com\/index.php\/wp-json\/wp\/v2\/posts\/2938\/revisions\/2953"}],"wp:featuredmedia":[{"embeddable":true,"href":"https:\/\/politicapatagonica.com\/index.php\/wp-json\/wp\/v2\/media\/2939"}],"wp:attachment":[{"href":"https:\/\/politicapatagonica.com\/index.php\/wp-json\/wp\/v2\/media?parent=2938"}],"wp:term":[{"taxonomy":"category","embeddable":true,"href":"https:\/\/politicapatagonica.com\/index.php\/wp-json\/wp\/v2\/categories?post=2938"},{"taxonomy":"post_tag","embeddable":true,"href":"https:\/\/politicapatagonica.com\/index.php\/wp-json\/wp\/v2\/tags?post=2938"}],"curies":[{"name":"wp","href":"https:\/\/api.w.org\/{rel}","templated":true}]}}