{"id":2892,"date":"2023-12-12T13:35:02","date_gmt":"2023-12-12T13:35:02","guid":{"rendered":"https:\/\/politicapatagonica.com\/?p=2892"},"modified":"2023-12-12T13:49:12","modified_gmt":"2023-12-12T13:49:12","slug":"melella-reclamo-a-la-justicia-por-la-muerte-del-senador-rodriguez","status":"publish","type":"post","link":"https:\/\/politicapatagonica.com\/index.php\/2023\/12\/12\/melella-reclamo-a-la-justicia-por-la-muerte-del-senador-rodriguez\/","title":{"rendered":"Melella reclama a la Justicia por la muerte del senador fueguino Mat\u00edas Rodr\u00edguez"},"content":{"rendered":"\n<p><strong>A 50 d\u00edas de la tr\u00e1gica muerte del senador por Tierra del Fuego Mat\u00edas Rodr\u00edguez <\/strong>y en medio de un inquietante silencio de parte de la justicia, <strong>el gobernador Gustavo Melella volvi\u00f3 a reclamar el<\/strong> <strong>esclarecimiento del hecho <\/strong>y pidi\u00f3 que se investiguen todas las circunstancias que rodearon la dr\u00e1stica decisi\u00f3n del funcionario.<\/p>\n\n\n\n<p>Sin explicar c\u00f3mo tuvo acceso al expediente, Melella dijo que vio el informe del perito y las fotos del extinto senador y afirm\u00f3 que <strong>\u201cMat\u00edas ten\u00eda golpes y lo deben investigar\u201d<\/strong>.<\/p>\n\n\n\n<p><strong>\u201cLos elementos que faltan no son menores\u201d<\/strong>, asegur\u00f3 el mandatario en referencia a la investigaci\u00f3n. \u201cQue falte esa famosa valija, que falte un tel\u00e9fono, una computadora. A m\u00ed me ha tocado hablar con gente cercana y corroboran que Mat\u00edas ven\u00eda teniendo amenazas. Habr\u00e1 que ver de qui\u00e9n ten\u00eda esas amenazas\u201d, agreg\u00f3.<\/p>\n\n\n\n<p>Con respecto a las declaraciones realizadas por el intendente <strong>Walter Vuoto<\/strong> la semana pasada, quien neg\u00f3 haber mantenido una ri\u00f1a con Rodr\u00edguez, tal como lo habr\u00eda declarado su ex esposa, Laura \u00c1vila; Melella dijo que <strong>\u201cno estoy acus\u00e1ndolo ni contradiciendo lo que \u00e9l dijo. Lo que digo es que hay una serie de elementos que la justicia tiene que investigar. No puede no investigar la justicia. Me parece que ya ha pasado demasiado tiempo, como para que algunas cuestiones, todav\u00eda no hayan sido informadas oficialmente\u201d.<\/strong><\/p>\n\n\n\n<p>Volviendo a las amenazas, exigi\u00f3 que se investiguen \u201cporque eso tambi\u00e9n puede llevar a que una persona est\u00e9 mal. Uno reconoce que an\u00edmicamente estaba mal. Pero <strong>no por eso se puede aceptar tan livianamente el suicidio de alguien<\/strong>\u201d, opin\u00f3.<\/p>\n\n\n\n<p><strong>\u201cLe pido a la justicia que act\u00fae, que investigue, e insisto, no es acusar a nadie. Es poner blanco sobre negro<\/strong>. Es un suicidio, con distintas connotaciones. Es un senador que ten\u00eda custodio, que los custodios no denunciaron los golpes que \u00e9l ten\u00eda y lo tendr\u00edan que haber hecho, aunque \u00e9l les hubiera pedido que no. Sus custodios llevaron elementos que despu\u00e9s no est\u00e1n. Y me parece que<strong> hay muchos elementos por los cuales la investigaci\u00f3n tiene que ser m\u00e1s profunda\u201d.<\/strong><\/p>\n\n\n\n<p>Por \u00faltimo, el mandatario se quej\u00f3 diciendo que \u201csi hubiera sido cualquier persona que se suicida y aparece con golpes, la justicia r\u00e1pidamente ve el entorno o reconstruye las \u00faltimas 24 horas\u201d.<\/p>\n\n\n\n<p><strong>Fuente: www.surenio.com.ar<\/strong><\/p>\n","protected":false},"excerpt":{"rendered":"<p>A 50 d\u00edas de la tr\u00e1gica muerte del senador por Tierra del Fuego Mat\u00edas Rodr\u00edguez y en medio de un inquietante silencio de parte de la justicia, el gobernador Gustavo Melella volvi\u00f3 a reclamar el esclarecimiento del hecho y pidi\u00f3 que se investiguen todas las circunstancias que rodearon la dr\u00e1stica decisi\u00f3n del funcionario. Sin explicar [&hellip;]<\/p>\n","protected":false},"author":5,"featured_media":2893,"comment_status":"open","ping_status":"open","sticky":false,"template":"","format":"standard","meta":[],"categories":[11],"tags":[],"_links":{"self":[{"href":"https:\/\/politicapatagonica.com\/index.php\/wp-json\/wp\/v2\/posts\/2892"}],"collection":[{"href":"https:\/\/politicapatagonica.com\/index.php\/wp-json\/wp\/v2\/posts"}],"about":[{"href":"https:\/\/politicapatagonica.com\/index.php\/wp-json\/wp\/v2\/types\/post"}],"author":[{"embeddable":true,"href":"https:\/\/politicapatagonica.com\/index.php\/wp-json\/wp\/v2\/users\/5"}],"replies":[{"embeddable":true,"href":"https:\/\/politicapatagonica.com\/index.php\/wp-json\/wp\/v2\/comments?post=2892"}],"version-history":[{"count":4,"href":"https:\/\/politicapatagonica.com\/index.php\/wp-json\/wp\/v2\/posts\/2892\/revisions"}],"predecessor-version":[{"id":2899,"href":"https:\/\/politicapatagonica.com\/index.php\/wp-json\/wp\/v2\/posts\/2892\/revisions\/2899"}],"wp:featuredmedia":[{"embeddable":true,"href":"https:\/\/politicapatagonica.com\/index.php\/wp-json\/wp\/v2\/media\/2893"}],"wp:attachment":[{"href":"https:\/\/politicapatagonica.com\/index.php\/wp-json\/wp\/v2\/media?parent=2892"}],"wp:term":[{"taxonomy":"category","embeddable":true,"href":"https:\/\/politicapatagonica.com\/index.php\/wp-json\/wp\/v2\/categories?post=2892"},{"taxonomy":"post_tag","embeddable":true,"href":"https:\/\/politicapatagonica.com\/index.php\/wp-json\/wp\/v2\/tags?post=2892"}],"curies":[{"name":"wp","href":"https:\/\/api.w.org\/{rel}","templated":true}]}}