{"id":2882,"date":"2023-12-11T15:15:38","date_gmt":"2023-12-11T15:15:38","guid":{"rendered":"https:\/\/politicapatagonica.com\/?p=2882"},"modified":"2023-12-11T16:04:26","modified_gmt":"2023-12-11T16:04:26","slug":"guenchenen-es-el-comienzo-de-una-nueva-historia-para-la-provincia-de-santa-cruz","status":"publish","type":"post","link":"https:\/\/politicapatagonica.com\/index.php\/2023\/12\/11\/guenchenen-es-el-comienzo-de-una-nueva-historia-para-la-provincia-de-santa-cruz\/","title":{"rendered":"G\u00fcenchenen: \u201cEs el comienzo de una nueva historia para la provincia de Santa Cruz\u201d"},"content":{"rendered":"\n<p><strong>Rafael Guenchenen, sucesor de Claudio Vidal como Secretario General del Sindicato Petrolero <\/strong>y la Mutual 12 de Septiembre, no escatim\u00f3 elogios tras la asunci\u00f3n del nuevo gobernador de la provincia, <strong>Claudio Vidal, al quien consider\u00f3 como<\/strong>\u00a0<strong>\u201cel indicado para lograr el crecimiento que hace tanto tiempo esperamos de esta provincia\u201d.<\/strong><\/p>\n\n\n\n<p>\u201cClaudio siempre lo dijo: Santa Cruz es una provincia rica, empobrecida. Y ahora tiene la oportunidad de expresarse en todo su potencial. Y estamos convencidos de que lo va a poder hacer realidad. <strong>Claudio tiene la inteligencia, el compromiso y la dedicaci\u00f3n para sacar esta provincia adelante<\/strong>\u201d\u00a0se\u00f1al\u00f3 el dirigente.<\/p>\n\n\n\n<p>\u201cEl mejor ejemplo es lo que pas\u00f3 con nuestro Sindicato. Cuando llegamos se ca\u00eda a pedazos, no hab\u00eda ni picaportes. Y en unos a\u00f1os, lo convertimos en el Sindicato m\u00e1s importante del pa\u00eds. Eso mismo queremos para Santa Cruz, y estamos convencidos de que lo va a poder lograr. <strong>Es el comienzo de una nueva historia para la provincia de Santa Cruz<\/strong>\u201d\u00a0puntualiz\u00f3.<\/p>\n\n\n\n<p><strong>Fuente: www.eldiarionuevodia.com.ar<\/strong><\/p>\n","protected":false},"excerpt":{"rendered":"<p>Rafael Guenchenen, sucesor de Claudio Vidal como Secretario General del Sindicato Petrolero y la Mutual 12 de Septiembre, no escatim\u00f3 elogios tras la asunci\u00f3n del nuevo gobernador de la provincia, Claudio Vidal, al quien consider\u00f3 como\u00a0\u201cel indicado para lograr el crecimiento que hace tanto tiempo esperamos de esta provincia\u201d. \u201cClaudio siempre lo dijo: Santa Cruz [&hellip;]<\/p>\n","protected":false},"author":5,"featured_media":2883,"comment_status":"open","ping_status":"open","sticky":false,"template":"","format":"standard","meta":[],"categories":[8],"tags":[],"_links":{"self":[{"href":"https:\/\/politicapatagonica.com\/index.php\/wp-json\/wp\/v2\/posts\/2882"}],"collection":[{"href":"https:\/\/politicapatagonica.com\/index.php\/wp-json\/wp\/v2\/posts"}],"about":[{"href":"https:\/\/politicapatagonica.com\/index.php\/wp-json\/wp\/v2\/types\/post"}],"author":[{"embeddable":true,"href":"https:\/\/politicapatagonica.com\/index.php\/wp-json\/wp\/v2\/users\/5"}],"replies":[{"embeddable":true,"href":"https:\/\/politicapatagonica.com\/index.php\/wp-json\/wp\/v2\/comments?post=2882"}],"version-history":[{"count":4,"href":"https:\/\/politicapatagonica.com\/index.php\/wp-json\/wp\/v2\/posts\/2882\/revisions"}],"predecessor-version":[{"id":2891,"href":"https:\/\/politicapatagonica.com\/index.php\/wp-json\/wp\/v2\/posts\/2882\/revisions\/2891"}],"wp:featuredmedia":[{"embeddable":true,"href":"https:\/\/politicapatagonica.com\/index.php\/wp-json\/wp\/v2\/media\/2883"}],"wp:attachment":[{"href":"https:\/\/politicapatagonica.com\/index.php\/wp-json\/wp\/v2\/media?parent=2882"}],"wp:term":[{"taxonomy":"category","embeddable":true,"href":"https:\/\/politicapatagonica.com\/index.php\/wp-json\/wp\/v2\/categories?post=2882"},{"taxonomy":"post_tag","embeddable":true,"href":"https:\/\/politicapatagonica.com\/index.php\/wp-json\/wp\/v2\/tags?post=2882"}],"curies":[{"name":"wp","href":"https:\/\/api.w.org\/{rel}","templated":true}]}}