{"id":2874,"date":"2023-12-11T13:13:07","date_gmt":"2023-12-11T13:13:07","guid":{"rendered":"https:\/\/politicapatagonica.com\/?p=2874"},"modified":"2023-12-11T13:23:25","modified_gmt":"2023-12-11T13:23:25","slug":"merino-dijo-que-desde-hoy-en-el-municipio-trabajan-todos","status":"publish","type":"post","link":"https:\/\/politicapatagonica.com\/index.php\/2023\/12\/11\/merino-dijo-que-desde-hoy-en-el-municipio-trabajan-todos\/","title":{"rendered":"El intendente de Trelew dijo que desde ahora \u201cen el municipio trabajan todos\u201d"},"content":{"rendered":"\n<p>En un Teatro Espa\u00f1ol colmado jur\u00f3 <strong>Gerardo Merino como intendente de Trelew<\/strong>. En medio de un intenso calor lo acompa\u00f1aron militancia, intendentes, legisladores, autoridades provinciales, exgobernadores de Chubut como el radical Carlos Maestro y Jos\u00e9 Luis Lizurume; la Banda de la Polic\u00eda y ex combatientes de Malvinas. Particip\u00f3 adem\u00e1s el intendente saliente Adri\u00e1n Maderna.<\/p>\n\n\n\n<p>El acto tuvo una int\u00e9rprete en lenguaje de se\u00f1as. Y muchos carteles y banderas del PRO y de la UCR.<\/p>\n\n\n\n<p>Merino, en un discurso de 25 minutos, <strong>convoc\u00f3 a una liga de intendentes de la comarca del Valle Inferior del R\u00edo Chubut<\/strong>: Dami\u00e1n Bis de Rawson, Dar\u00edo James de Gaiman y Gustavo Sastre de Madryn estaban presentes, no as\u00ed Luka Jones de 28 de Julio y Dante Bowen de Dolavon.<\/p>\n\n\n\n<p>\u201cDebemos trabajar en conjunto y tenemos que entender que no nos salvamos solos y uno no es m\u00e1s que el otro. Tenemos que ser competitivos para levantar la vara de la regi\u00f3n, basta de pisar al otro para crecer uno\u201d.<\/p>\n\n\n\n<p>\u201cCompartimos el rio, el puerto, el mar, la Ruta N\u00ba 3. Log\u00edsticamente <strong>estos casi 350 mil habitantes que compartimos en la comarca debemos trabajar codo a codo<\/strong>. Apartando diferencias pol\u00edticas y partidarias, debemos salir adelante juntos como regi\u00f3n\u201d, puntualiz\u00f3.<\/p>\n\n\n\n<p>Luego del Himno Nacional Argentino, el nuevo Concejo Deliberante retom\u00f3 el cuarto intermedio e inici\u00f3 la sesi\u00f3n especial para la asunci\u00f3n de Merino. La flamante presidenta del cuerpo, Claudia Monaj\u00ed, le tom\u00f3 juramento. Merino lo hizo \u201cpor mis abuelos, mis padres, mis hijos, y por todos los ciudadanos de Trelew\u201d.<\/p>\n\n\n\n<p>Luego, ya como intendente tom\u00f3 juramento a secretarios y secretarias, y entreg\u00f3 menciones a los coordinadores generales. Sobre la Biblia y la Constituci\u00f3n, juraron Mario Romeo, al frente de la secretar\u00eda de Gobierno; Gustavo Paz, como secretario de Hacienda; Sergio Hudson al frente de la secretar\u00eda de Servicios P\u00fablicos y Ambiente; Federico Ercoli, como secretario de Planificaci\u00f3n y Desarrollo Urbano; Carola Cord\u00f3n como secretaria de Desarrollo Humano y Comunitario; y Juan Pav\u00f3n, al frente de la secretar\u00eda de Producci\u00f3n, Industria, Comercio y Turismo.<\/p>\n\n\n\n<p>Las menciones especiales fueron a los coordinadores generales de Intendencia, Lorena Condinanzo; de Gabinete, Mariano Hernando; de Legal y T\u00e9cnica, Jorge Hern\u00e1ndez; de Relaciones Institucionales, Leandro Ferrario; y de Bienestar Integral, Mariana Medina.<\/p>\n\n\n\n<p>El intendente de Trelew destac\u00f3 la presencia de <strong>Maderna, dos veces intendente<\/strong>. Se escuch\u00f3 alg\u00fan abucheo. \u201cA pesar de las diferencias, agradezco la responsabilidad de entregarme un municipio para que desde el d\u00eda uno nos pongamos a trabajar. Fueron largos meses de transici\u00f3n que se llevaron con respeto, te deseo lo mejor en lo que viene Adri\u00e1n\u201d, dijo Merino. Maderna fue acompa\u00f1ado por los exconcejales que permanecieron en el bloque oficialista: H\u00e9ctor Castillo y Olga Godoy.<\/p>\n\n\n\n<p>Luego de este agradecimiento, el veterinario se dedic\u00f3 de lleno a su discurso: \u201cDespu\u00e9s de 20 a\u00f1os de ser una oposici\u00f3n responsable desde la Uni\u00f3n C\u00edvica Radical y a trav\u00e9s de Juntos por el Cambio, nos toca nuevamente gobernar Trelew. Se termina una etapa, hay que dar vuelta la hoja y comenzar nuevamente\u201d.<\/p>\n\n\n\n<p>\u201cMe acompa\u00f1a este gran equipo que con un compromiso indiscutible y sin inter\u00e9s personal se sumaron a este proyecto. Tendremos una Secretar\u00eda de Gobierno que tendr\u00e1 una responsabilidad muy grande de poner al d\u00eda los servicios esenciales y los contratos de concesi\u00f3n. Hace a\u00f1os que venimos de pr\u00f3rroga en pr\u00f3rroga y dijimos basta. Adem\u00e1s no nos vamos a hacer los distra\u00eddos ni a poner excusas para involucrarnos en la seguridad que necesitan los trelewenses\u201d.<\/p>\n\n\n\n<p>\u201cHay una Secretar\u00eda de Hacienda que tendr\u00e1 la responsabilidad de recaudar y de poner al d\u00eda las cuentas. <strong>Tenemos muchas deudas y las vamos a pagar pero con un manejo austero, honesto y transparente de los n\u00fameros.<\/strong> Y una Secretar\u00eda de Desarrollo Urbano ya que tenemos un gran problema y debemos diagramar la ciudad que queremos para los pr\u00f3ximos 50 a\u00f1os. La Secretar\u00eda de Servicios P\u00fablicos y Ambiente tratar\u00e1 lo cotidiano, como el arreglo de las plazas y la reconstrucci\u00f3n del trazado vial que tanto reclaman los trelewenses\u201d.<\/p>\n\n\n\n<p>\u201cLa Secretar\u00eda de Producci\u00f3n, Comercio, Industria y Turismo pondr\u00e1 en funcionamiento el motor econ\u00f3mico de la ciudad para generar inversiones de la pesca, alimentos, sector metalmec\u00e1nico. De una vez por todas vamos a poner en funcionamiento el relegado Parque Industrial. Y vamos a llevar adelante la Central Log\u00edstica que hace a\u00f1os hablamos\u201d.<\/p>\n\n\n\n<p>\u201cHabr\u00e1 una Secretar\u00eda de Desarrollo Social y Comunitario. <strong>La decisi\u00f3n pol\u00edtica es terminar con el asistencialismo permanente para desarrollar a quienes reciben planes y ayudas.<\/strong> Atenderemos lo urgente pero terminaremos con el plan asistencialista a largo plazo\u201d, explic\u00f3 Merino.<\/p>\n\n\n\n<p>Ser\u00e1 \u201cun municipio de responsabilidades pero no solo del intendente y los secretarios sino tambi\u00e9n del empleado municipal. Tenemos el respeto a ellos y debemos trabajar en conjunto. Hay oficinas indignas y hay muchos vivos que cobran y no van a trabajar, eso se termin\u00f3. Ma\u00f1ana (por hoy) desde las 8 <strong>en el municipio trabajan todos, desde el de barrido hasta el secretario y ah\u00ed me van a encontrar a m\u00ed<\/strong>, codo a codo trabajando. Les vamos a dar los recursos necesarios\u201d.<\/p>\n\n\n\n<p>\u201cVamos a trabajar con el sector privado, queremos un municipio de puertas abiertas que favorezca a la inversi\u00f3n, que no ponga trabas y los cuide con la seguridad pero tambi\u00e9n interviniendo y colaborando con los sindicatos porque son ellos los encargados y responsables que invierten y generan mano de obra genuina. Tenemos que dejar de pensar que el Estado municipal tiene que ser un empleador permanente\u201d, sentenci\u00f3.<\/p>\n\n\n\n<p>En cuanto a Trelew, \u201cla situaci\u00f3n es compleja y dif\u00edcil, hay incertidumbre. Soy consciente de que vienen momentos dif\u00edciles, duros, tensos, pero tenemos un recurso humano important\u00edsimo. No tengan dudas de que me van a encontrar los 365 d\u00edas con la responsabilidad que me encomendaron como intendente de la ciudad para manejar de manera honesta. Con di\u00e1logo se sale adelante. No con patoterismo ni con llevarse puesto por delante a nadie; a la oposici\u00f3n le pido la grandeza de acompa\u00f1arnos. Esto es a favor de Trelew, no es en contra de nadie. Es hora de unirnos\u201d.<\/p>\n\n\n\n<p>\u201cVamos a ser mejor ciudad que la que fuimos, m\u00e1s progresista que el pasado, con m\u00e1s trabajo, con m\u00e1s cultura. No tengo dudas de que vamos a sacar a la ciudad adelante\u201d, finaliz\u00f3.<\/p>\n\n\n\n<p>Luego de la ceremonia de jura, todos los presentes y los vecinos disfrutaron de una gala cultural que se concret\u00f3 en la Plaza Independencia, con la participaci\u00f3n de artistas y formaciones locales.<\/p>\n\n\n\n<p><strong>Fuente: www.diariojornada.com.ar<\/strong><\/p>\n","protected":false},"excerpt":{"rendered":"<p>En un Teatro Espa\u00f1ol colmado jur\u00f3 Gerardo Merino como intendente de Trelew. En medio de un intenso calor lo acompa\u00f1aron militancia, intendentes, legisladores, autoridades provinciales, exgobernadores de Chubut como el radical Carlos Maestro y Jos\u00e9 Luis Lizurume; la Banda de la Polic\u00eda y ex combatientes de Malvinas. Particip\u00f3 adem\u00e1s el intendente saliente Adri\u00e1n Maderna. El [&hellip;]<\/p>\n","protected":false},"author":5,"featured_media":2875,"comment_status":"open","ping_status":"open","sticky":false,"template":"","format":"standard","meta":[],"categories":[14],"tags":[],"_links":{"self":[{"href":"https:\/\/politicapatagonica.com\/index.php\/wp-json\/wp\/v2\/posts\/2874"}],"collection":[{"href":"https:\/\/politicapatagonica.com\/index.php\/wp-json\/wp\/v2\/posts"}],"about":[{"href":"https:\/\/politicapatagonica.com\/index.php\/wp-json\/wp\/v2\/types\/post"}],"author":[{"embeddable":true,"href":"https:\/\/politicapatagonica.com\/index.php\/wp-json\/wp\/v2\/users\/5"}],"replies":[{"embeddable":true,"href":"https:\/\/politicapatagonica.com\/index.php\/wp-json\/wp\/v2\/comments?post=2874"}],"version-history":[{"count":3,"href":"https:\/\/politicapatagonica.com\/index.php\/wp-json\/wp\/v2\/posts\/2874\/revisions"}],"predecessor-version":[{"id":2881,"href":"https:\/\/politicapatagonica.com\/index.php\/wp-json\/wp\/v2\/posts\/2874\/revisions\/2881"}],"wp:featuredmedia":[{"embeddable":true,"href":"https:\/\/politicapatagonica.com\/index.php\/wp-json\/wp\/v2\/media\/2875"}],"wp:attachment":[{"href":"https:\/\/politicapatagonica.com\/index.php\/wp-json\/wp\/v2\/media?parent=2874"}],"wp:term":[{"taxonomy":"category","embeddable":true,"href":"https:\/\/politicapatagonica.com\/index.php\/wp-json\/wp\/v2\/categories?post=2874"},{"taxonomy":"post_tag","embeddable":true,"href":"https:\/\/politicapatagonica.com\/index.php\/wp-json\/wp\/v2\/tags?post=2874"}],"curies":[{"name":"wp","href":"https:\/\/api.w.org\/{rel}","templated":true}]}}