{"id":2868,"date":"2023-12-07T14:16:19","date_gmt":"2023-12-07T14:16:19","guid":{"rendered":"https:\/\/politicapatagonica.com\/?p=2868"},"modified":"2023-12-07T15:14:10","modified_gmt":"2023-12-07T15:14:10","slug":"los-senadores-y-diputados-electos-por-santa-cruz-juran-en-el-congreso-de-la-nacion","status":"publish","type":"post","link":"https:\/\/politicapatagonica.com\/index.php\/2023\/12\/07\/los-senadores-y-diputados-electos-por-santa-cruz-juran-en-el-congreso-de-la-nacion\/","title":{"rendered":"Los senadores y diputados electos por Santa Cruz juran en el Congreso de la Naci\u00f3n"},"content":{"rendered":"\n<p>Luego de la proclamaci\u00f3n realizada el 29 de noviembre, el Congreso tendr\u00e1 las sesiones preparatorias tanto en las c\u00e1maras Alta como en la Baja, en las que los <strong>senadores y diputados har\u00e1n sus juramentos de ley<\/strong> y junto a sus pares, ya en ejercicio, elegir\u00e1n a las autoridades para el per\u00edodo 2024.<\/p>\n\n\n\n<p>Ambas ceremonias est\u00e1n previstas para este&nbsp;<strong>jueves 7 de diciembre<\/strong>. Por la ma\u00f1ana, a las 11 horas, ser\u00e1 el turno de la C\u00e1mara de Diputados, en la que&nbsp;<strong>Jos\u00e9 Luis Garrido<\/strong>&nbsp;por el frente Por Santa Cruz y&nbsp;<strong>Ana Mar\u00eda Ianni<\/strong>&nbsp;por Uni\u00f3n por la Patria har\u00e1n sus juramentos de ley para la toma de posesi\u00f3n de sus bancas.<\/p>\n\n\n\n<p>Por la tarde (15 horas) ser\u00e1 el turno del Senado. All\u00ed los legisladores electos por el frente que lidera Claudio Vidal en la provincia,&nbsp;<strong>Jos\u00e9 Mar\u00eda Carambia<\/strong>&nbsp;y&nbsp;<strong>Natalia Gadano<\/strong>, al igual que&nbsp;<strong>Alicia Kirchner<\/strong>&nbsp;por Uni\u00f3n por la Patria, har\u00e1n el juramento de ley. El&nbsp;<strong>grupo La Opini\u00f3n Austral<\/strong>&nbsp;estar\u00e1 presente en ambas sesiones para brindar una cobertura especial a trav\u00e9s de todas sus plataformas.<\/p>\n\n\n\n<p><strong>Autoridades<\/strong><\/p>\n\n\n\n<p>Posterior al proceso de jura de la totalidad de legisladores electos (<strong>24 en el Senado y 130 en Diputados<\/strong>), la nueva conformaci\u00f3n de ambas c\u00e1maras deber\u00e1 elegir (cada una por separado) a sus autoridades. A ellos se les sumar\u00e1 la asunci\u00f3n de los reemplazos de algunos legisladores, como el caso del gobernador electo&nbsp;<strong>Claudio Vidal<\/strong>, que dejan su banca para asumir en otros cargos. En el caso del mandatario, lo har\u00e1&nbsp;<strong>Sergio Acevedo<\/strong>.<\/p>\n\n\n\n<p>Despu\u00e9s de un sinf\u00edn de especulaciones, finalmente toda la l\u00ednea sucesoria presidencial estar\u00e1 ocupada por integrantes de La Libertad Avanza.&nbsp;<strong>Francisco Paoltroni<\/strong>&nbsp;ocupar\u00e1 la presidencia provisional del Senado y&nbsp;<strong>Mart\u00edn Menem<\/strong>&nbsp;la presidencia de la C\u00e1mara de Diputados.<\/p>\n\n\n\n<p><strong>Francisco Paoltroni&nbsp;<\/strong>es un productor agropecuario formose\u00f1o que conform\u00f3 un partido provincial y result\u00f3 electo senador por una lista avalada por La Libertad Avanza en su provincia. \u201cMuchas gracias al presidente electo&nbsp;<strong>Javier Milei&nbsp;<\/strong>por la confianza depositada en m\u00ed para ser el candidato a la presidencia provisional del Senado. De ser elegido, voy a trabajar incansablemente para estar a la altura y<strong>&nbsp;generar los consensos necesarios para la reconstrucci\u00f3n de Argentina<\/strong>\u201c, public\u00f3 en sus redes una vez conocida su postulaci\u00f3n.<\/p>\n\n\n\n<p><strong>Mart\u00edn Menem<\/strong>&nbsp;encabez\u00f3 la lista de diputados nacionales de La Libertad Avanza en su provincia cuando, el 22 de octubre, la fuerza libertaria alcanz\u00f3 el 38,01% de los votos. \u201c<strong>No hay plata y vamos a trabajar para sacar las leyes que correspondan<\/strong>\u201c, fueron sus declaraciones al t\u00e9rmino del encuentro que tuvo el legislador.<\/p>\n\n\n\n<p><strong>Fuente: www.laopinionaustral.com.ar<\/strong><\/p>\n","protected":false},"excerpt":{"rendered":"<p>Luego de la proclamaci\u00f3n realizada el 29 de noviembre, el Congreso tendr\u00e1 las sesiones preparatorias tanto en las c\u00e1maras Alta como en la Baja, en las que los senadores y diputados har\u00e1n sus juramentos de ley y junto a sus pares, ya en ejercicio, elegir\u00e1n a las autoridades para el per\u00edodo 2024. Ambas ceremonias est\u00e1n [&hellip;]<\/p>\n","protected":false},"author":5,"featured_media":2869,"comment_status":"open","ping_status":"open","sticky":false,"template":"","format":"standard","meta":[],"categories":[8],"tags":[],"_links":{"self":[{"href":"https:\/\/politicapatagonica.com\/index.php\/wp-json\/wp\/v2\/posts\/2868"}],"collection":[{"href":"https:\/\/politicapatagonica.com\/index.php\/wp-json\/wp\/v2\/posts"}],"about":[{"href":"https:\/\/politicapatagonica.com\/index.php\/wp-json\/wp\/v2\/types\/post"}],"author":[{"embeddable":true,"href":"https:\/\/politicapatagonica.com\/index.php\/wp-json\/wp\/v2\/users\/5"}],"replies":[{"embeddable":true,"href":"https:\/\/politicapatagonica.com\/index.php\/wp-json\/wp\/v2\/comments?post=2868"}],"version-history":[{"count":2,"href":"https:\/\/politicapatagonica.com\/index.php\/wp-json\/wp\/v2\/posts\/2868\/revisions"}],"predecessor-version":[{"id":2872,"href":"https:\/\/politicapatagonica.com\/index.php\/wp-json\/wp\/v2\/posts\/2868\/revisions\/2872"}],"wp:featuredmedia":[{"embeddable":true,"href":"https:\/\/politicapatagonica.com\/index.php\/wp-json\/wp\/v2\/media\/2869"}],"wp:attachment":[{"href":"https:\/\/politicapatagonica.com\/index.php\/wp-json\/wp\/v2\/media?parent=2868"}],"wp:term":[{"taxonomy":"category","embeddable":true,"href":"https:\/\/politicapatagonica.com\/index.php\/wp-json\/wp\/v2\/categories?post=2868"},{"taxonomy":"post_tag","embeddable":true,"href":"https:\/\/politicapatagonica.com\/index.php\/wp-json\/wp\/v2\/tags?post=2868"}],"curies":[{"name":"wp","href":"https:\/\/api.w.org\/{rel}","templated":true}]}}