{"id":2847,"date":"2023-12-06T13:45:24","date_gmt":"2023-12-06T13:45:24","guid":{"rendered":"https:\/\/politicapatagonica.com\/?p=2847"},"modified":"2023-12-07T13:40:16","modified_gmt":"2023-12-07T13:40:16","slug":"torres-se-reunio-con-representantes-del-consejo-federal-de-inversiones-para-gestionar-obras-prioritarias-en-chubut","status":"publish","type":"post","link":"https:\/\/politicapatagonica.com\/index.php\/2023\/12\/06\/torres-se-reunio-con-representantes-del-consejo-federal-de-inversiones-para-gestionar-obras-prioritarias-en-chubut\/","title":{"rendered":"Ignacio Torres avanza en negociaciones para gestionar &#8220;obras prioritarias&#8221; en Chubut"},"content":{"rendered":"\n<p>El gobernador electo de Chubut, <strong>Ignacio \u201cNacho\u201d Torres, se reuni\u00f3 con el presidente del Consejo Federal de Inversiones (CFI), Ignacio Lamothe<\/strong>, con el objetivo de analizar posibles<strong> l\u00edneas de financiamiento destinadas a sostener el desarrollo de una serie de obras consideradas de car\u00e1cter prioritario<\/strong> para el crecimiento de la provincia.<\/p>\n\n\n\n<p>Acompa\u00f1ado por Nicol\u00e1s Cittadini y Fernando \u00c1lvarez de Celis, figuras claves en el \u00e1rea de Infraestructura de su pr\u00f3ximo gabinete, Torres lider\u00f3 un encuentro donde se abordaron temas trascendentales para Chubut, incluyendo una <strong>revisi\u00f3n detallada de los fondos ejecutados durante el a\u00f1o en curso y los fondos a\u00fan por ejecutar<\/strong>, a trav\u00e9s de los cuales se podr\u00e1 agilizar la ejecuci\u00f3n de diversos proyectos que impulsen el desarrollo productivo, econ\u00f3mico y social de la provincia.<\/p>\n\n\n\n<p>Durante el encuentro, seg\u00fan trascendi\u00f3, evaluaron temas referidos al financiamiento de obras prioritarias para la provincia. Asimismo, los representantes del CFI presentaron a Torres y su equipo programas de financiamiento para proyectos ejecutivos, programas de planificaci\u00f3n y proyectos estrat\u00e9gicos, y un Fondo de Garant\u00edas &#8220;para que la provincia invierta en desarrollo&#8221;.<\/p>\n\n\n\n<p>Adem\u00e1s, los representantes de la cartera de Infraestructura que comenzar\u00e1 en funciones el 9 de diciembre, solicitaron informaci\u00f3n sobre programas para desarrollar la provincia; este \u00faltimo, uno de los ejes planteados por Torres para su gesti\u00f3n de gobierno, con el objetivo de <strong>conseguir inversiones para dotar a Chubut de una infraestructura adaptada a los requerimientos de la actualidad.<\/strong><\/p>\n\n\n\n<p>El Consejo Federal de Inversiones (CFI) es un organismo p\u00fablico interestadual fundado en 1959 tras un acuerdo entre las provincias argentinas, la entonces Municipalidad de la Ciudad de Buenos Aires y el entonces Territorio Nacional de Tierra del Fuego, Ant\u00e1rtida e Islas del Atl\u00e1ntico Sur. Considerado un &#8220;socio estrat\u00e9gico&#8221; de las provincias, el organismo desarrolla herramientas t\u00e9cnico-financieras para acompa\u00f1ar proyectos de punta a punta y fortalecer su potencial.<\/p>\n\n\n\n<p><strong>Fuente: www.elchubut.com.ar<\/strong><\/p>\n","protected":false},"excerpt":{"rendered":"<p>El gobernador electo de Chubut, Ignacio \u201cNacho\u201d Torres, se reuni\u00f3 con el presidente del Consejo Federal de Inversiones (CFI), Ignacio Lamothe, con el objetivo de analizar posibles l\u00edneas de financiamiento destinadas a sostener el desarrollo de una serie de obras consideradas de car\u00e1cter prioritario para el crecimiento de la provincia. Acompa\u00f1ado por Nicol\u00e1s Cittadini y [&hellip;]<\/p>\n","protected":false},"author":5,"featured_media":2848,"comment_status":"open","ping_status":"open","sticky":false,"template":"","format":"standard","meta":[],"categories":[14],"tags":[],"_links":{"self":[{"href":"https:\/\/politicapatagonica.com\/index.php\/wp-json\/wp\/v2\/posts\/2847"}],"collection":[{"href":"https:\/\/politicapatagonica.com\/index.php\/wp-json\/wp\/v2\/posts"}],"about":[{"href":"https:\/\/politicapatagonica.com\/index.php\/wp-json\/wp\/v2\/types\/post"}],"author":[{"embeddable":true,"href":"https:\/\/politicapatagonica.com\/index.php\/wp-json\/wp\/v2\/users\/5"}],"replies":[{"embeddable":true,"href":"https:\/\/politicapatagonica.com\/index.php\/wp-json\/wp\/v2\/comments?post=2847"}],"version-history":[{"count":3,"href":"https:\/\/politicapatagonica.com\/index.php\/wp-json\/wp\/v2\/posts\/2847\/revisions"}],"predecessor-version":[{"id":2860,"href":"https:\/\/politicapatagonica.com\/index.php\/wp-json\/wp\/v2\/posts\/2847\/revisions\/2860"}],"wp:featuredmedia":[{"embeddable":true,"href":"https:\/\/politicapatagonica.com\/index.php\/wp-json\/wp\/v2\/media\/2848"}],"wp:attachment":[{"href":"https:\/\/politicapatagonica.com\/index.php\/wp-json\/wp\/v2\/media?parent=2847"}],"wp:term":[{"taxonomy":"category","embeddable":true,"href":"https:\/\/politicapatagonica.com\/index.php\/wp-json\/wp\/v2\/categories?post=2847"},{"taxonomy":"post_tag","embeddable":true,"href":"https:\/\/politicapatagonica.com\/index.php\/wp-json\/wp\/v2\/tags?post=2847"}],"curies":[{"name":"wp","href":"https:\/\/api.w.org\/{rel}","templated":true}]}}