{"id":2840,"date":"2023-12-05T13:56:23","date_gmt":"2023-12-05T13:56:23","guid":{"rendered":"https:\/\/politicapatagonica.com\/?p=2840"},"modified":"2023-12-05T18:12:08","modified_gmt":"2023-12-05T18:12:08","slug":"alicia-kirchner-entrego-certificados-de-la-especializacion-en-administracion-financiera-publica","status":"publish","type":"post","link":"https:\/\/politicapatagonica.com\/index.php\/2023\/12\/05\/alicia-kirchner-entrego-certificados-de-la-especializacion-en-administracion-financiera-publica\/","title":{"rendered":"Alicia Kirchner entreg\u00f3 certificados de la especializaci\u00f3n en Administraci\u00f3n Financiera\u00a0P\u00fablica"},"content":{"rendered":"\n<p>La gobernadora&nbsp;<strong>Alicia Kirchner<\/strong>&nbsp;encabez\u00f3 este lunes el acto de entrega de certificados de posgrado de especializaci\u00f3n en<strong>&nbsp;Administraci\u00f3n Financiera<\/strong>&nbsp;el sector p\u00fablico.<\/p>\n\n\n\n<p>El evento se realiz\u00f3 desde las 12 horas, en el sal\u00f3n blanco de la Casa de Gobierno de R\u00edo Gallegos. La capacitaci\u00f3n forma parte de la&nbsp;<strong>Reforma de la Ley de Administraci\u00f3n Financiera P\u00fablica&nbsp;<\/strong>promulgada en 2021 e instrumentada este a\u00f1o. Santa Cruz es la provincia n\u00famero 22 en aprobarla.<\/p>\n\n\n\n<p>Al respecto, el contador&nbsp;<strong>Gonzalo M. Lecuona<\/strong>&nbsp;-director del&nbsp;<strong>Programa UBA-<\/strong>, destac\u00f3 que la forma de implementar la reforma que tuvo Santa Cruz, a trav\u00e9s de la capacitaci\u00f3n es muy buena. \u201cM\u00e1s de 90 personas se capacitaron y m\u00e1s del 70% aprobaron y ya iniciaron el tr\u00e1mite para tener al t\u00edtulo\u201d.<\/p>\n\n\n\n<p>Luego, la gobernadora&nbsp;<strong>Alicia Kirchner<\/strong>, expres\u00f3 su orgullo de haber cumplido esta etapa, \u201cbuscando siempre la eficiencia y transparencia\u201d, se\u00f1al\u00f3.<\/p>\n\n\n\n<p>\u201cCuando empec\u00e9 la gesti\u00f3n saben los problemas que ten\u00edamos y necesit\u00e1bamos dar respuesta urgente a las necesidades de los vecinos. Para mejorar y realizar un giro sab\u00edamos que ten\u00edamos que hacer un cambio en la administraci\u00f3n financiera para una mejor aplicaci\u00f3n de eficiencia del estado. Acercar la capacitaci\u00f3n, con todas las dificultades que supon\u00eda, era fundamental\u201d, apunt\u00f3.<\/p>\n\n\n\n<p>Adem\u00e1s, destac\u00f3 el apoyo de la Universidad de Buenos Aires, para llevar adelante el proyecto. \u201cEste equipo de 77 profesionales hicieron este curso, todo a trav\u00e9s de la UBA y para nuestra provincia. Esto es un Estado presente\u201d, asegur\u00f3.<\/p>\n\n\n\n<p><strong>Fuente: www.laopinionaustral.com.ar<\/strong><\/p>\n","protected":false},"excerpt":{"rendered":"<p>La gobernadora&nbsp;Alicia Kirchner&nbsp;encabez\u00f3 este lunes el acto de entrega de certificados de posgrado de especializaci\u00f3n en&nbsp;Administraci\u00f3n Financiera&nbsp;el sector p\u00fablico. El evento se realiz\u00f3 desde las 12 horas, en el sal\u00f3n blanco de la Casa de Gobierno de R\u00edo Gallegos. La capacitaci\u00f3n forma parte de la&nbsp;Reforma de la Ley de Administraci\u00f3n Financiera P\u00fablica&nbsp;promulgada en 2021 e [&hellip;]<\/p>\n","protected":false},"author":5,"featured_media":2841,"comment_status":"open","ping_status":"open","sticky":false,"template":"","format":"standard","meta":[],"categories":[8],"tags":[],"_links":{"self":[{"href":"https:\/\/politicapatagonica.com\/index.php\/wp-json\/wp\/v2\/posts\/2840"}],"collection":[{"href":"https:\/\/politicapatagonica.com\/index.php\/wp-json\/wp\/v2\/posts"}],"about":[{"href":"https:\/\/politicapatagonica.com\/index.php\/wp-json\/wp\/v2\/types\/post"}],"author":[{"embeddable":true,"href":"https:\/\/politicapatagonica.com\/index.php\/wp-json\/wp\/v2\/users\/5"}],"replies":[{"embeddable":true,"href":"https:\/\/politicapatagonica.com\/index.php\/wp-json\/wp\/v2\/comments?post=2840"}],"version-history":[{"count":2,"href":"https:\/\/politicapatagonica.com\/index.php\/wp-json\/wp\/v2\/posts\/2840\/revisions"}],"predecessor-version":[{"id":2846,"href":"https:\/\/politicapatagonica.com\/index.php\/wp-json\/wp\/v2\/posts\/2840\/revisions\/2846"}],"wp:featuredmedia":[{"embeddable":true,"href":"https:\/\/politicapatagonica.com\/index.php\/wp-json\/wp\/v2\/media\/2841"}],"wp:attachment":[{"href":"https:\/\/politicapatagonica.com\/index.php\/wp-json\/wp\/v2\/media?parent=2840"}],"wp:term":[{"taxonomy":"category","embeddable":true,"href":"https:\/\/politicapatagonica.com\/index.php\/wp-json\/wp\/v2\/categories?post=2840"},{"taxonomy":"post_tag","embeddable":true,"href":"https:\/\/politicapatagonica.com\/index.php\/wp-json\/wp\/v2\/tags?post=2840"}],"curies":[{"name":"wp","href":"https:\/\/api.w.org\/{rel}","templated":true}]}}