{"id":2836,"date":"2023-12-05T11:22:55","date_gmt":"2023-12-05T11:22:55","guid":{"rendered":"https:\/\/politicapatagonica.com\/?p=2836"},"modified":"2023-12-05T18:09:11","modified_gmt":"2023-12-05T18:09:11","slug":"encontraron-sin-vida-a-los-andinistas-pampeanos","status":"publish","type":"post","link":"https:\/\/politicapatagonica.com\/index.php\/2023\/12\/05\/encontraron-sin-vida-a-los-andinistas-pampeanos\/","title":{"rendered":"Encontraron sin vida en la Cordillera de los Andes a los andinistas y funcionarios pampeanos"},"content":{"rendered":"\n<p>Luego del mediod\u00eda se confirm\u00f3 la aparici\u00f3n de los cuerpos de los andinistas pampeanos extraviados en la<strong>&nbsp;Cordillera de los Andes<\/strong>: el intendente de&nbsp;<strong>General San Mart\u00edn Claudio Spir<\/strong>&nbsp;y el escribano&nbsp;<strong>Sergio Berardo.<\/strong>&nbsp;Tambi\u00e9n iba con ellos el gu\u00eda de monta\u00f1a mendocino&nbsp;<strong>Ignacio Lucero<\/strong>&nbsp;quien tambi\u00e9n muri\u00f3.&nbsp;<\/p>\n\n\n\n<p>La noticia fue confirmada por&nbsp;<strong>Grupo de Operaciones Policiales Especiales (GOPE) de Carabineros de Chile<\/strong>.<\/p>\n\n\n\n<p>Eran buscados desde hace cinco d\u00edas en la zona cordillerana del&nbsp;<strong>Cerro Malmorejo<\/strong>&nbsp;en&nbsp;<strong>Chile<\/strong>.&nbsp;El \u00faltimo contacto que se tuvo con ellos fue el pasado mi\u00e9rcoles, cuando el GPS inform\u00f3 que se encontraban a 5.800 metros sobre el nivel del mar. Fueron encontrados hoy por el Grupo de Operaciones Policiales Especiales (GOPE) de Carabineros de Chile.<\/p>\n\n\n\n<figure class=\"wp-block-image\"><img decoding=\"async\" src=\"https:\/\/www.lapampanoticias.com.ar\/wp-content\/uploads\/2023\/12\/Captura-de-pantalla-2023-12-04-a-las-20.54.22-700x661.png\" alt=\"\" class=\"wp-image-44965\"\/><\/figure>\n\n\n\n<p>Seg\u00fan detall\u00f3 el diario&nbsp;<strong>Los Andes<\/strong>&nbsp;de<strong>&nbsp;Mendoza<\/strong>, Lucero era un experimentado gu\u00eda de monta\u00f1a, muy reconocido en el mundo del monta\u00f1ismo, quien a lo largo de su vida marc\u00f3&nbsp;r\u00e9cords<strong>&nbsp;<\/strong>en los&nbsp;picos&nbsp;y cadenas monta\u00f1osas&nbsp;m\u00e1s importante del mundo.<\/p>\n\n\n\n<p>Las malas condiciones clim\u00e1ticas impidieron hoy poder extraer los cuerpos.&nbsp;Los rescatistas s\u00f3lo pudieron trasladar a uno de ellos, no detallaron a qui\u00e9n.<em>&nbsp;\u00abLos otros quedar\u00e1n georreferenciados hasta que las condiciones clim\u00e1ticas lo permitan\u00bb,&nbsp;<\/em>confirmaron.<\/p>\n\n\n\n<p><strong>Fuente: www.lapampanoticias.com.ar<\/strong><\/p>\n","protected":false},"excerpt":{"rendered":"<p>Luego del mediod\u00eda se confirm\u00f3 la aparici\u00f3n de los cuerpos de los andinistas pampeanos extraviados en la&nbsp;Cordillera de los Andes: el intendente de&nbsp;General San Mart\u00edn Claudio Spir&nbsp;y el escribano&nbsp;Sergio Berardo.&nbsp;Tambi\u00e9n iba con ellos el gu\u00eda de monta\u00f1a mendocino&nbsp;Ignacio Lucero&nbsp;quien tambi\u00e9n muri\u00f3.&nbsp; La noticia fue confirmada por&nbsp;Grupo de Operaciones Policiales Especiales (GOPE) de Carabineros de Chile. [&hellip;]<\/p>\n","protected":false},"author":5,"featured_media":2838,"comment_status":"open","ping_status":"open","sticky":false,"template":"","format":"standard","meta":[],"categories":[10],"tags":[],"_links":{"self":[{"href":"https:\/\/politicapatagonica.com\/index.php\/wp-json\/wp\/v2\/posts\/2836"}],"collection":[{"href":"https:\/\/politicapatagonica.com\/index.php\/wp-json\/wp\/v2\/posts"}],"about":[{"href":"https:\/\/politicapatagonica.com\/index.php\/wp-json\/wp\/v2\/types\/post"}],"author":[{"embeddable":true,"href":"https:\/\/politicapatagonica.com\/index.php\/wp-json\/wp\/v2\/users\/5"}],"replies":[{"embeddable":true,"href":"https:\/\/politicapatagonica.com\/index.php\/wp-json\/wp\/v2\/comments?post=2836"}],"version-history":[{"count":2,"href":"https:\/\/politicapatagonica.com\/index.php\/wp-json\/wp\/v2\/posts\/2836\/revisions"}],"predecessor-version":[{"id":2845,"href":"https:\/\/politicapatagonica.com\/index.php\/wp-json\/wp\/v2\/posts\/2836\/revisions\/2845"}],"wp:featuredmedia":[{"embeddable":true,"href":"https:\/\/politicapatagonica.com\/index.php\/wp-json\/wp\/v2\/media\/2838"}],"wp:attachment":[{"href":"https:\/\/politicapatagonica.com\/index.php\/wp-json\/wp\/v2\/media?parent=2836"}],"wp:term":[{"taxonomy":"category","embeddable":true,"href":"https:\/\/politicapatagonica.com\/index.php\/wp-json\/wp\/v2\/categories?post=2836"},{"taxonomy":"post_tag","embeddable":true,"href":"https:\/\/politicapatagonica.com\/index.php\/wp-json\/wp\/v2\/tags?post=2836"}],"curies":[{"name":"wp","href":"https:\/\/api.w.org\/{rel}","templated":true}]}}