{"id":2830,"date":"2023-12-04T14:26:56","date_gmt":"2023-12-04T14:26:56","guid":{"rendered":"https:\/\/politicapatagonica.com\/?p=2830"},"modified":"2023-12-04T14:26:57","modified_gmt":"2023-12-04T14:26:57","slug":"el-tren-patagonico-en-rio-negro-seguira-administrado-por-el-estado","status":"publish","type":"post","link":"https:\/\/politicapatagonica.com\/index.php\/2023\/12\/04\/el-tren-patagonico-en-rio-negro-seguira-administrado-por-el-estado\/","title":{"rendered":"El Tren Patag\u00f3nico en R\u00edo Negro seguir\u00e1 administrado por el Estado"},"content":{"rendered":"\n<p><strong>R\u00edo Negro renov\u00f3 el contrato de concesi\u00f3n del Tren Patag\u00f3nico<\/strong> y prolonga la tradici\u00f3n de administrar desde el Estado este transporte estrat\u00e9gico. La semana pasada, la gobernadora <strong>Arabela Carreras<\/strong>, firm\u00f3 con el titular de Trenes Argentinos, <strong>Mart\u00edn Marinucci<\/strong>, el convenio entre la Provincia y la Administraci\u00f3n de Infraestructuras Ferroviarias Sociedad del Estado (ADIFSE), para la <strong>continuidad de la prestaci\u00f3n del servicio desde Viedma hasta Bariloche.<\/strong><\/p>\n\n\n\n<p>Tambi\u00e9n, para administrar la red ferroviaria de \u201cLa Trochita\u201d que se desarrolla desde Ingeniero Jacobacci hasta Esquel, y el tramo que une las ciudades de Viedma y Bah\u00eda Blanca.<\/p>\n\n\n\n<p><strong>Desde la ola de privatizaciones de los &#8217;90, donde la frase era &#8220;ramal que para, ramal que cierra&#8221;, R\u00edo Negro tom\u00f3 la decisi\u00f3n pol\u00edtica de sostener el tren.<\/strong> Ese compromiso se renov\u00f3 desde 1992 hasta la actualidad, conformando una de las pocas pol\u00edticas p\u00fablicas con continuidad en la provincia.<\/p>\n\n\n\n<p>Durante la firma del convenio, que se realiz\u00f3 en la ciudad de Buenos Aires en el que estuvo presente el presidente del Tren Patag\u00f3nico Daniel Garc\u00eda, qued\u00f3 certificado que la Provincia ha manifestado a nivel regional y a las autoridades nacionales el inter\u00e9s y la necesidad de reactivaci\u00f3n de los servicios urbanos de pasajeros Cipolletti\u2013Neuqu\u00e9n; Villa Regina\u2013Plottier y Villa Regina\u2013General Roca\u2013Cipolletti\u2013Neuqu\u00e9n\u2013Plottier\u2013Zapala.<\/p>\n\n\n\n<p>En ese sentido, la Provincia suscribi\u00f3 con Neuqu\u00e9n un acta acuerdo declarando el inter\u00e9s en el desarrollo del proyecto manifestando el objetivo de abordar de manera conjunta soluciones a las dificultades de transporte de pasajeros y cargas de la regi\u00f3n.<\/p>\n\n\n\n<p><strong>Fuente: www.adnrionegro.com.ar<\/strong><\/p>\n","protected":false},"excerpt":{"rendered":"<p>R\u00edo Negro renov\u00f3 el contrato de concesi\u00f3n del Tren Patag\u00f3nico y prolonga la tradici\u00f3n de administrar desde el Estado este transporte estrat\u00e9gico. La semana pasada, la gobernadora Arabela Carreras, firm\u00f3 con el titular de Trenes Argentinos, Mart\u00edn Marinucci, el convenio entre la Provincia y la Administraci\u00f3n de Infraestructuras Ferroviarias Sociedad del Estado (ADIFSE), para la [&hellip;]<\/p>\n","protected":false},"author":5,"featured_media":2831,"comment_status":"open","ping_status":"open","sticky":false,"template":"","format":"standard","meta":[],"categories":[13],"tags":[],"_links":{"self":[{"href":"https:\/\/politicapatagonica.com\/index.php\/wp-json\/wp\/v2\/posts\/2830"}],"collection":[{"href":"https:\/\/politicapatagonica.com\/index.php\/wp-json\/wp\/v2\/posts"}],"about":[{"href":"https:\/\/politicapatagonica.com\/index.php\/wp-json\/wp\/v2\/types\/post"}],"author":[{"embeddable":true,"href":"https:\/\/politicapatagonica.com\/index.php\/wp-json\/wp\/v2\/users\/5"}],"replies":[{"embeddable":true,"href":"https:\/\/politicapatagonica.com\/index.php\/wp-json\/wp\/v2\/comments?post=2830"}],"version-history":[{"count":1,"href":"https:\/\/politicapatagonica.com\/index.php\/wp-json\/wp\/v2\/posts\/2830\/revisions"}],"predecessor-version":[{"id":2832,"href":"https:\/\/politicapatagonica.com\/index.php\/wp-json\/wp\/v2\/posts\/2830\/revisions\/2832"}],"wp:featuredmedia":[{"embeddable":true,"href":"https:\/\/politicapatagonica.com\/index.php\/wp-json\/wp\/v2\/media\/2831"}],"wp:attachment":[{"href":"https:\/\/politicapatagonica.com\/index.php\/wp-json\/wp\/v2\/media?parent=2830"}],"wp:term":[{"taxonomy":"category","embeddable":true,"href":"https:\/\/politicapatagonica.com\/index.php\/wp-json\/wp\/v2\/categories?post=2830"},{"taxonomy":"post_tag","embeddable":true,"href":"https:\/\/politicapatagonica.com\/index.php\/wp-json\/wp\/v2\/tags?post=2830"}],"curies":[{"name":"wp","href":"https:\/\/api.w.org\/{rel}","templated":true}]}}