{"id":2815,"date":"2023-12-04T13:55:10","date_gmt":"2023-12-04T13:55:10","guid":{"rendered":"https:\/\/politicapatagonica.com\/?p=2815"},"modified":"2023-12-04T13:55:12","modified_gmt":"2023-12-04T13:55:12","slug":"la-proxima-gestion-sanitaria-de-chubut-pondra-foco-en-las-necesidades-de-la-gente-y-no-del-trabajador","status":"publish","type":"post","link":"https:\/\/politicapatagonica.com\/index.php\/2023\/12\/04\/la-proxima-gestion-sanitaria-de-chubut-pondra-foco-en-las-necesidades-de-la-gente-y-no-del-trabajador\/","title":{"rendered":"La pr\u00f3xima gesti\u00f3n sanitaria de Chubut pondr\u00e1 foco en las necesidades de la gente y no del trabajador"},"content":{"rendered":"\n<p>El m\u00e9dico<strong>\u00a0Sergio Wisky\u00a0se har\u00e1 cargo de la cartera sanitaria de la provincia de Chubut <\/strong>que, a partir de la nueva ley de ministerio, pasar\u00e1 a ser una secretar\u00eda. El futuro funcionario provincial dijo que desde el 9 de diciembre estar\u00e1 al frente de los temas, pero con firma a partir de que la Legislatura trate la normativa y se realice la asunci\u00f3n formal del gabinete.<\/p>\n\n\n\n<p>El facultativo expres\u00f3 a FM EL CHUBUT\u00a0que<strong>\u00a0asumir\u00e1 en un sistema sanitario en crisis, y se puede percibir en los recursos econ\u00f3micos y humanos, en la prestaci\u00f3n, en una sociedad &#8220;tensionada&#8221;, pero conf\u00eda que con una reorganizaci\u00f3n, encontrando el camino para una visi\u00f3n y misi\u00f3n de la Secretar\u00eda que tenga en claro algo: &#8220;La mirada del sistema de Salud debe estar puesta en las necesidades de la gente y no del trabajador&#8221;.<\/strong><\/p>\n\n\n\n<p>Sobre la ciudad de\u00a0<strong>Trelew<\/strong>, destac\u00f3 que se est\u00e1n buscando soluciones para el\u00a0<strong>d\u00e9ficit de m\u00e9dicos pediatras<\/strong>\u00a0en el\u00a0Hospital &#8220;Adolfo Margara&#8221;, que se est\u00e1 cubriendo con profesionales itinerantes de otras provincias; mientras que\u00a0<strong>otro de los temas es la\u00a0b\u00fasqueda de financiamiento para el nuevo hospital<\/strong>.<\/p>\n\n\n\n<p>Fuente: www.elchubut.com.ar<\/p>\n","protected":false},"excerpt":{"rendered":"<p>El m\u00e9dico\u00a0Sergio Wisky\u00a0se har\u00e1 cargo de la cartera sanitaria de la provincia de Chubut que, a partir de la nueva ley de ministerio, pasar\u00e1 a ser una secretar\u00eda. El futuro funcionario provincial dijo que desde el 9 de diciembre estar\u00e1 al frente de los temas, pero con firma a partir de que la Legislatura trate [&hellip;]<\/p>\n","protected":false},"author":5,"featured_media":2817,"comment_status":"open","ping_status":"open","sticky":false,"template":"","format":"standard","meta":[],"categories":[14],"tags":[],"_links":{"self":[{"href":"https:\/\/politicapatagonica.com\/index.php\/wp-json\/wp\/v2\/posts\/2815"}],"collection":[{"href":"https:\/\/politicapatagonica.com\/index.php\/wp-json\/wp\/v2\/posts"}],"about":[{"href":"https:\/\/politicapatagonica.com\/index.php\/wp-json\/wp\/v2\/types\/post"}],"author":[{"embeddable":true,"href":"https:\/\/politicapatagonica.com\/index.php\/wp-json\/wp\/v2\/users\/5"}],"replies":[{"embeddable":true,"href":"https:\/\/politicapatagonica.com\/index.php\/wp-json\/wp\/v2\/comments?post=2815"}],"version-history":[{"count":1,"href":"https:\/\/politicapatagonica.com\/index.php\/wp-json\/wp\/v2\/posts\/2815\/revisions"}],"predecessor-version":[{"id":2818,"href":"https:\/\/politicapatagonica.com\/index.php\/wp-json\/wp\/v2\/posts\/2815\/revisions\/2818"}],"wp:featuredmedia":[{"embeddable":true,"href":"https:\/\/politicapatagonica.com\/index.php\/wp-json\/wp\/v2\/media\/2817"}],"wp:attachment":[{"href":"https:\/\/politicapatagonica.com\/index.php\/wp-json\/wp\/v2\/media?parent=2815"}],"wp:term":[{"taxonomy":"category","embeddable":true,"href":"https:\/\/politicapatagonica.com\/index.php\/wp-json\/wp\/v2\/categories?post=2815"},{"taxonomy":"post_tag","embeddable":true,"href":"https:\/\/politicapatagonica.com\/index.php\/wp-json\/wp\/v2\/tags?post=2815"}],"curies":[{"name":"wp","href":"https:\/\/api.w.org\/{rel}","templated":true}]}}