{"id":2807,"date":"2023-12-04T13:28:46","date_gmt":"2023-12-04T13:28:46","guid":{"rendered":"https:\/\/politicapatagonica.com\/?p=2807"},"modified":"2023-12-04T13:42:39","modified_gmt":"2023-12-04T13:42:39","slug":"rolando-figueroa-presenta-hoy-su-ley-de-ministerios-jorge-tobares-va-a-gobierno","status":"publish","type":"post","link":"https:\/\/politicapatagonica.com\/index.php\/2023\/12\/04\/rolando-figueroa-presenta-hoy-su-ley-de-ministerios-jorge-tobares-va-a-gobierno\/","title":{"rendered":"Rolando Figueroa presenta hoy su ley de ministerios con una &#8220;sorpresa&#8221; para el cargo de Gobierno"},"content":{"rendered":"\n<p>El gobernador electo de Neuqu\u00e9n\u00a0<strong>Rolando Figueroa presentar\u00e1 hoy en la Legislatura la ley de ministerios\u00a0<\/strong>que organizar\u00e1 su gabinete a partir del 10 de diciembre. Anticip\u00f3 que <strong>tendr\u00e1 menos cargos de los actuales<\/strong> para cumplir su promesa de achicamiento de la planta pol\u00edtica y<strong>\u00a0<\/strong>revel\u00f3 a Diario R\u00cdO NEGRO que\u00a0<strong>Jorge Tobares<\/strong>, un exfuncionario del Movimiento Popular Neuquino,<strong>\u00a0asumir\u00e1 como ministro de Gobierno.<\/strong><\/p>\n\n\n\n<p>La estructura y el n\u00famero final de ministerios y secretar\u00edas que tendr\u00e1 el proyecto a\u00fan no fueron revelados, pero el adelanto es que&nbsp;<strong>habr\u00e1 \u201cmenos\u201d de todo<\/strong>. \u201cMuchos menos cargos pol\u00edticos, reducci\u00f3n del gasto de la pol\u00edtica\u201d, asegur\u00f3 el mandatario electo sobre&nbsp;<strong>su propia versi\u00f3n de la \u201cmotosierra\u201d.<\/strong><\/p>\n\n\n\n<p>Hasta el momento, los confirmados son Jefatura de Gabinete (Juan Luis \u201cPep\u00e9\u201d Ousset), Econom\u00eda (Guillermo Koenig), Turismo (Gustavo Fern\u00e1ndez Capiet), Infraestructura (Rub\u00e9n Etcheverry), Educaci\u00f3n (Soledad Mart\u00ednez) y Trabajo y Desarrollo Laboral (Lucas Castelli), y ahora se sum\u00f3 el de&nbsp;<strong>Gobierno, que quedar\u00e1 en manos de Tobares.<\/strong><\/p>\n\n\n\n<p>El dirigente&nbsp;<strong>fue ministro de Gobierno, Trabajo, Justicia y Derechos Humanos del primer gobierno de Jorge Sapag&nbsp;<\/strong>y&nbsp;renunci\u00f3 en 2010 tras disputas&nbsp;internas con otros miembros del gabinete. Luego intent\u00f3 una carrera por fuera del sector Azul del MPN, incluso fue candidato por el Frente Social por la Dignidad, hasta que se sum\u00f3 a los equipos de campa\u00f1a de Figueroa.<\/p>\n\n\n\n<p>Es abogado y actualmente&nbsp;<strong>act\u00faa como asesor t\u00e9cnico de Comunidad<\/strong>, el partido que cre\u00f3 el gobernador electo para competir el 16 de abril.<\/p>\n\n\n\n<p>Adem\u00e1s de los ministerios mencionados, al menos se conoce que habr\u00e1 uno m\u00e1s que estar\u00e1 bajo la conducci\u00f3n de<strong>&nbsp;Julieta Corroza<\/strong>. El nombre todav\u00eda es un misterio, pero el gobernador electo asegur\u00f3 que ser\u00e1&nbsp;<strong>uno de los m\u00e1s fuertes \u201cdesde lo territorial y el acercamiento\u201d<\/strong>. Hasta el momento, se hab\u00eda indicado que estar\u00eda vinculado a lo que hoy se conoce como Desarrollo Social y posiblemente tambi\u00e9n incluya otras \u00e1reas como g\u00e9neros y diversidad.<\/p>\n\n\n\n<p>Figueroa a\u00fan no confirm\u00f3 qu\u00e9 pasar\u00e1 con las carteras de Salud, Seguridad o Energ\u00eda. No se sabe qui\u00e9nes las conducir\u00e1n ni qu\u00e9 rango tendr\u00e1n en la estructura.<\/p>\n\n\n\n<p>Con la presentaci\u00f3n del proyecto de ley se revelar\u00e1 lo segundo, aunque quiz\u00e1s haya que esperar para el resto de los nombres.&nbsp;En la reuni\u00f3n que el mandatario electo tuvo con operadoras petroleras&nbsp;el viernes pasado dej\u00f3 entrever que la persona elegida para Energ\u00eda, el cargo m\u00e1s esperado por la industria, podr\u00eda conocerse reci\u00e9n el 10 de diciembre.<strong>&nbsp;S\u00ed adelant\u00f3 que el actual ministro, Alejandro Monteiro, continuar\u00e1 como asesor en su gobierno.<\/strong><\/p>\n\n\n\n<p><strong>El plan provincial de becas logr\u00f3 consenso y se trata esta semana<\/strong><\/p>\n\n\n\n<p>El proyecto de ley para crear el&nbsp;<strong>plan provincial de becas estudiantiles<\/strong>&nbsp;y capacitaci\u00f3n laboral \u201cRedistribuir oportunidades\u201d obtuvo&nbsp;<strong>despacho un\u00e1nime&nbsp;<\/strong>el viernes en un plenario de las comisiones de Educaci\u00f3n, Asuntos Constitucionales y Presupuesto y qued\u00f3 en condiciones de ser tratado esta semana en el recinto.<\/p>\n\n\n\n<p>Los diputados consensuaron una&nbsp;<strong>redacci\u00f3n alternativa con ANEL<\/strong>, el gremio de empleados legislativos,&nbsp;tras el rechazo que hab\u00edan manifestado por el recorte de presupuesto que implicaba la iniciativa.<\/p>\n\n\n\n<p>El programa prev\u00e9 obtener un 3,5% de financiamiento a trav\u00e9s de la Legislatura, otro n\u00famero similar del Poder Ejecutivo, adem\u00e1s de fondos provenientes de empresas y organismos internacionales.<\/p>\n\n\n\n<p>ANEL pidi\u00f3 que se deje establecido que los recursos de la Legislatura devendr\u00e1n de las partidas que vinculan su actividad con la comunidad y de erogaciones discrecionales de la presidencia, sin afectar fondos destinados al funcionamiento operativo de la C\u00e1mara.<\/p>\n\n\n\n<p>El plan de becas alcanzar\u00e1 a<strong>&nbsp;personas de entre 4 y 35 a\u00f1os&nbsp;<\/strong>y los montos ser\u00e1n definidos por el Ejecutivo. La autoridad de aplicaci\u00f3n ser\u00e1 la Jefatura de Gabinete.<\/p>\n\n\n\n<p><strong>Fuente: www.rionegro.com.ar<\/strong><a href=\"https:\/\/www.rionegro.com.ar\/politica\/omar-gutierrez-concluye-16-anos-de-ciclo-azul-el-legado-y-lo-que-viene-en-neuquen-3289563\/\"><\/a><\/p>\n\n\n\n<p><a href=\"https:\/\/www.rionegro.com.ar\/politica\/el-dia-que-figueroa-vaticino-su-reemplazo-a-gutierrez-que-dijo-en-la-nota-de-diario-rio-negro-3291808\/\"><\/a><\/p>\n\n\n\n<p><a href=\"https:\/\/www.rionegro.com.ar\/opinion\/el-rebelde-y-federal-arma-su-epica-3291679\/\"><\/a><\/p>\n","protected":false},"excerpt":{"rendered":"<p>El gobernador electo de Neuqu\u00e9n\u00a0Rolando Figueroa presentar\u00e1 hoy en la Legislatura la ley de ministerios\u00a0que organizar\u00e1 su gabinete a partir del 10 de diciembre. Anticip\u00f3 que tendr\u00e1 menos cargos de los actuales para cumplir su promesa de achicamiento de la planta pol\u00edtica y\u00a0revel\u00f3 a Diario R\u00cdO NEGRO que\u00a0Jorge Tobares, un exfuncionario del Movimiento Popular Neuquino,\u00a0asumir\u00e1 [&hellip;]<\/p>\n","protected":false},"author":5,"featured_media":2808,"comment_status":"open","ping_status":"open","sticky":false,"template":"","format":"standard","meta":[],"categories":[9],"tags":[],"_links":{"self":[{"href":"https:\/\/politicapatagonica.com\/index.php\/wp-json\/wp\/v2\/posts\/2807"}],"collection":[{"href":"https:\/\/politicapatagonica.com\/index.php\/wp-json\/wp\/v2\/posts"}],"about":[{"href":"https:\/\/politicapatagonica.com\/index.php\/wp-json\/wp\/v2\/types\/post"}],"author":[{"embeddable":true,"href":"https:\/\/politicapatagonica.com\/index.php\/wp-json\/wp\/v2\/users\/5"}],"replies":[{"embeddable":true,"href":"https:\/\/politicapatagonica.com\/index.php\/wp-json\/wp\/v2\/comments?post=2807"}],"version-history":[{"count":3,"href":"https:\/\/politicapatagonica.com\/index.php\/wp-json\/wp\/v2\/posts\/2807\/revisions"}],"predecessor-version":[{"id":2814,"href":"https:\/\/politicapatagonica.com\/index.php\/wp-json\/wp\/v2\/posts\/2807\/revisions\/2814"}],"wp:featuredmedia":[{"embeddable":true,"href":"https:\/\/politicapatagonica.com\/index.php\/wp-json\/wp\/v2\/media\/2808"}],"wp:attachment":[{"href":"https:\/\/politicapatagonica.com\/index.php\/wp-json\/wp\/v2\/media?parent=2807"}],"wp:term":[{"taxonomy":"category","embeddable":true,"href":"https:\/\/politicapatagonica.com\/index.php\/wp-json\/wp\/v2\/categories?post=2807"},{"taxonomy":"post_tag","embeddable":true,"href":"https:\/\/politicapatagonica.com\/index.php\/wp-json\/wp\/v2\/tags?post=2807"}],"curies":[{"name":"wp","href":"https:\/\/api.w.org\/{rel}","templated":true}]}}