{"id":2796,"date":"2023-12-01T14:37:01","date_gmt":"2023-12-01T14:37:01","guid":{"rendered":"https:\/\/politicapatagonica.com\/?p=2796"},"modified":"2023-12-01T15:04:04","modified_gmt":"2023-12-01T15:04:04","slug":"gobierno-confirmo-el-pago-del-medio-aguinaldo-a-estatales","status":"publish","type":"post","link":"https:\/\/politicapatagonica.com\/index.php\/2023\/12\/01\/gobierno-confirmo-el-pago-del-medio-aguinaldo-a-estatales\/","title":{"rendered":"El gobierno de Tierra del Fuego confirm\u00f3 el pago del medio aguinaldo a estatales"},"content":{"rendered":"\n<p>El ministro de Econom\u00eda y Finanzas P\u00fablicas, <strong>Federico Zapata Garc\u00eda<\/strong>, asegur\u00f3 que \u201cde no mediar ning\u00fan hecho extraordinario<strong> el pago del medio aguinaldo estar\u00eda garantizado\u201d, <\/strong>con lo cual intent\u00f3 llevar tranquilidad a los trabajadores de la administraci\u00f3n p\u00fablica de la provincia.<\/p>\n\n\n\n<p>Zapata sostuvo que \u201cdurante el a\u00f1o fuimos viendo que los recursos provenientes de coparticipaci\u00f3n no ven\u00edan acompa\u00f1ando a la evoluci\u00f3n de los precios, por lo cual, <strong>desde julio en adelante ya empezamos a trabajar en medidas tendientes a disminuir el impacto de esta baja de recursos\u201d.<\/strong><\/p>\n\n\n\n<p>El ministro record\u00f3 que<strong> \u201cen Tierra del Fuego los recursos provienen un 60% de la coparticipaci\u00f3n federal de impuestos y el 40% restante de recaudaci\u00f3n provincial.<\/strong> Esta distribuci\u00f3n es distinta a otras provincias, donde existe una mayor proporci\u00f3n de recursos provenientes de coparticipaci\u00f3n. Sin embargo, estamos como todos a la expectativa de cu\u00e1les ser\u00e1n las definiciones econ\u00f3micas a partir del 11 de diciembre porque teniendo en cuenta las declaraciones del Presidente electo se generan expectativas negativas\u201d.<\/p>\n\n\n\n<p>El funcionario reconoci\u00f3 que ante el cambio de Gobierno nacional \u201cestamos ante una situaci\u00f3n de mucha expectativa, tratando de buscar alg\u00fan dato que nos d\u00e9 certeza de qu\u00e9 suceder\u00e1 con el presupuesto, por ejemplo\u201d.<\/p>\n\n\n\n<p>Zapata Garc\u00eda advirti\u00f3 que <strong>\u201cla preocupaci\u00f3n m\u00e1s grande que tiene que tener la provincia hoy en d\u00eda es una posible apertura de las importaciones, porque eso repercutir\u00eda negativamente en la industria, en toda la actividad vinculada a su desarrollo y en la econom\u00eda general de la provincia, no solo en el Estado. Cuando hay poca actividad industrial, tambi\u00e9n se recauda menos y hay que salir a efectuar un gasto de contenci\u00f3n social mucho m\u00e1s fuerte\u201d<\/strong>.<\/p>\n\n\n\n<p>El titular de Econom\u00eda indic\u00f3 que \u201cla situaci\u00f3n es dif\u00edcil y tiende a complicarse, pero<strong> el Estado provincial cumplir\u00e1 con sus obligaciones salariales y al mismo tiempo sostendr\u00e1 los servicios a la comunidad<\/strong>, pero debemos ir viendo el panorama nacional, lo que seguramente nos obligar\u00e1 a ir adoptando medidas para amortiguar un impacto negativo\u201d.<\/p>\n\n\n\n<p><strong>Fuente: www.surenio.com.ar<\/strong><\/p>\n","protected":false},"excerpt":{"rendered":"<p>El ministro de Econom\u00eda y Finanzas P\u00fablicas, Federico Zapata Garc\u00eda, asegur\u00f3 que \u201cde no mediar ning\u00fan hecho extraordinario el pago del medio aguinaldo estar\u00eda garantizado\u201d, con lo cual intent\u00f3 llevar tranquilidad a los trabajadores de la administraci\u00f3n p\u00fablica de la provincia. Zapata sostuvo que \u201cdurante el a\u00f1o fuimos viendo que los recursos provenientes de coparticipaci\u00f3n [&hellip;]<\/p>\n","protected":false},"author":5,"featured_media":2799,"comment_status":"open","ping_status":"open","sticky":false,"template":"","format":"standard","meta":[],"categories":[11],"tags":[],"_links":{"self":[{"href":"https:\/\/politicapatagonica.com\/index.php\/wp-json\/wp\/v2\/posts\/2796"}],"collection":[{"href":"https:\/\/politicapatagonica.com\/index.php\/wp-json\/wp\/v2\/posts"}],"about":[{"href":"https:\/\/politicapatagonica.com\/index.php\/wp-json\/wp\/v2\/types\/post"}],"author":[{"embeddable":true,"href":"https:\/\/politicapatagonica.com\/index.php\/wp-json\/wp\/v2\/users\/5"}],"replies":[{"embeddable":true,"href":"https:\/\/politicapatagonica.com\/index.php\/wp-json\/wp\/v2\/comments?post=2796"}],"version-history":[{"count":2,"href":"https:\/\/politicapatagonica.com\/index.php\/wp-json\/wp\/v2\/posts\/2796\/revisions"}],"predecessor-version":[{"id":2805,"href":"https:\/\/politicapatagonica.com\/index.php\/wp-json\/wp\/v2\/posts\/2796\/revisions\/2805"}],"wp:featuredmedia":[{"embeddable":true,"href":"https:\/\/politicapatagonica.com\/index.php\/wp-json\/wp\/v2\/media\/2799"}],"wp:attachment":[{"href":"https:\/\/politicapatagonica.com\/index.php\/wp-json\/wp\/v2\/media?parent=2796"}],"wp:term":[{"taxonomy":"category","embeddable":true,"href":"https:\/\/politicapatagonica.com\/index.php\/wp-json\/wp\/v2\/categories?post=2796"},{"taxonomy":"post_tag","embeddable":true,"href":"https:\/\/politicapatagonica.com\/index.php\/wp-json\/wp\/v2\/tags?post=2796"}],"curies":[{"name":"wp","href":"https:\/\/api.w.org\/{rel}","templated":true}]}}