{"id":2792,"date":"2023-12-01T13:27:14","date_gmt":"2023-12-01T13:27:14","guid":{"rendered":"https:\/\/politicapatagonica.com\/?p=2792"},"modified":"2023-12-01T14:58:08","modified_gmt":"2023-12-01T14:58:08","slug":"cual-sera-el-futuro-de-ana-servidio-en-el-gabinete-de-rolando-figueroa","status":"publish","type":"post","link":"https:\/\/politicapatagonica.com\/index.php\/2023\/12\/01\/cual-sera-el-futuro-de-ana-servidio-en-el-gabinete-de-rolando-figueroa\/","title":{"rendered":"\u00bfCu\u00e1l ser\u00e1 el futuro de Ana Servidio en el gabinete de Rolando Figueroa?"},"content":{"rendered":"\n<p><strong>Ana Servidio<\/strong>, la actual concejal peronista y referente del partido Avanzar Descamisados,<strong> integrar\u00e1 el futuro gabinete del gobernador electo, Rolando Figueroa.<\/strong><\/p>\n\n\n\n<p>A trav\u00e9s de las redes sociales, como lo ha hecho en ocasiones anteriores, Figueroa adelant\u00f3 que Servidio <strong>ser\u00e1 la nueva titular del Copade.<\/strong><\/p>\n\n\n\n<p>&#8220;Conf\u00edo en su capacidad y experiencia en el \u00e1rea para contribuir a poner en marcha el plan de regionalizaci\u00f3n y los desaf\u00edos que tenemos de cara al futuro&#8221;, sostuvo el mandatario provincial, que asumir\u00e1 el 10 de diciembre.<\/p>\n\n\n\n<p>A su vez, la actual concejal y ex candidata a diputada provincial replic\u00f3 el posteo de Figueroa, agradeciendo &#8220;por creer y confiar en mi trabajo&#8221;.<\/p>\n\n\n\n<p><strong>Uno por uno, el gabinete de Rolando Figueroa<\/strong><\/p>\n\n\n\n<ul>\n<li><strong>Jefatura de Gabinete de Ministros<\/strong>: Juan Luis Ousset<\/li>\n\n\n\n<li><strong>Ministerio de Econom\u00eda:<\/strong>&nbsp;Guillermo Koenig<\/li>\n\n\n\n<li><strong>Ministerio de Trabajo y Desarrollo Laboral:&nbsp;<\/strong>Lucas Castelli<\/li>\n\n\n\n<li><strong>Ministerio de Turismo:<\/strong>&nbsp;Gustavo Fern\u00e1ndez Capiet<\/li>\n\n\n\n<li><strong>Presidencia del BPN:&nbsp;<\/strong>Gabriel Bosco<\/li>\n\n\n\n<li><strong>Subsecretar\u00eda de Hacienda:<\/strong>&nbsp;Carola Pogliano<\/li>\n\n\n\n<li><strong>Asesor\u00eda General de la Gobernaci\u00f3n:&nbsp;<\/strong>Florencia Perebroisin<\/li>\n\n\n\n<li><strong>Secretar\u00eda de Producci\u00f3n e Industria:<\/strong>&nbsp;Juan Pel\u00e1ez<\/li>\n\n\n\n<li><strong>Secretar\u00eda de Vinculaci\u00f3n y Planificaci\u00f3n Institucional:&nbsp;<\/strong>Leticia Esteves<\/li>\n\n\n\n<li><strong>Secretar\u00eda de Emergencias y Gesti\u00f3n del Riesgo:<\/strong>&nbsp;Luciana Ortiz Luna<\/li>\n\n\n\n<li><strong>Secretar\u00eda de Juventud y Deportes:<\/strong>&nbsp;Rub\u00e9n Garc\u00eda<\/li>\n\n\n\n<li><strong>Subsecretar\u00eda de Diversidad:&nbsp;<\/strong>Luz Blanco<\/li>\n\n\n\n<li><strong>Presidencia ADUS-IPVU:&nbsp;<\/strong>Pablo Dietrich<\/li>\n\n\n\n<li><strong>Presidencia del Instituto Provincial de Juegos de Azar (IJAN):&nbsp;<\/strong>Ra\u00fal B\u00e9ttiga<\/li>\n\n\n\n<li><strong>Presidencia Ente Provincial de Termas:&nbsp;<\/strong>Mat\u00edas Ramos<\/li>\n<\/ul>\n\n\n\n<p><strong>Fuente: www.lmneuquen.com<\/strong><\/p>\n","protected":false},"excerpt":{"rendered":"<p>Ana Servidio, la actual concejal peronista y referente del partido Avanzar Descamisados, integrar\u00e1 el futuro gabinete del gobernador electo, Rolando Figueroa. A trav\u00e9s de las redes sociales, como lo ha hecho en ocasiones anteriores, Figueroa adelant\u00f3 que Servidio ser\u00e1 la nueva titular del Copade. &#8220;Conf\u00edo en su capacidad y experiencia en el \u00e1rea para contribuir [&hellip;]<\/p>\n","protected":false},"author":5,"featured_media":2793,"comment_status":"open","ping_status":"open","sticky":false,"template":"","format":"standard","meta":[],"categories":[9],"tags":[],"_links":{"self":[{"href":"https:\/\/politicapatagonica.com\/index.php\/wp-json\/wp\/v2\/posts\/2792"}],"collection":[{"href":"https:\/\/politicapatagonica.com\/index.php\/wp-json\/wp\/v2\/posts"}],"about":[{"href":"https:\/\/politicapatagonica.com\/index.php\/wp-json\/wp\/v2\/types\/post"}],"author":[{"embeddable":true,"href":"https:\/\/politicapatagonica.com\/index.php\/wp-json\/wp\/v2\/users\/5"}],"replies":[{"embeddable":true,"href":"https:\/\/politicapatagonica.com\/index.php\/wp-json\/wp\/v2\/comments?post=2792"}],"version-history":[{"count":2,"href":"https:\/\/politicapatagonica.com\/index.php\/wp-json\/wp\/v2\/posts\/2792\/revisions"}],"predecessor-version":[{"id":2803,"href":"https:\/\/politicapatagonica.com\/index.php\/wp-json\/wp\/v2\/posts\/2792\/revisions\/2803"}],"wp:featuredmedia":[{"embeddable":true,"href":"https:\/\/politicapatagonica.com\/index.php\/wp-json\/wp\/v2\/media\/2793"}],"wp:attachment":[{"href":"https:\/\/politicapatagonica.com\/index.php\/wp-json\/wp\/v2\/media?parent=2792"}],"wp:term":[{"taxonomy":"category","embeddable":true,"href":"https:\/\/politicapatagonica.com\/index.php\/wp-json\/wp\/v2\/categories?post=2792"},{"taxonomy":"post_tag","embeddable":true,"href":"https:\/\/politicapatagonica.com\/index.php\/wp-json\/wp\/v2\/tags?post=2792"}],"curies":[{"name":"wp","href":"https:\/\/api.w.org\/{rel}","templated":true}]}}