{"id":2782,"date":"2023-11-30T13:31:36","date_gmt":"2023-11-30T13:31:36","guid":{"rendered":"https:\/\/politicapatagonica.com\/?p=2782"},"modified":"2023-11-30T14:26:41","modified_gmt":"2023-11-30T14:26:41","slug":"alicia-y-vidal-avalaron-proyecto-de-ley-que-fortalezca-la-coparticipacion","status":"publish","type":"post","link":"https:\/\/politicapatagonica.com\/index.php\/2023\/11\/30\/alicia-y-vidal-avalaron-proyecto-de-ley-que-fortalezca-la-coparticipacion\/","title":{"rendered":"Alicia Kirchner y Claudio Vidal avalaron un proyecto de ley que fortalezca la coparticipaci\u00f3n para Santa Cruz"},"content":{"rendered":"\n<p>En sus redes sociales, este mi\u00e9rcoles por la noche, la gobernadora de Santa Cruz, <strong>Alicia Kirchner se mostraba con el gobernador electo Claudio Vidal, rubricando un acuerdo para enviar al Congreso un proyecto de ley convenio que distribuya entre las provincias el 50 por ciento del impuesto al cheque<\/strong> y, de esta forma, compensar la disminuci\u00f3n sufrida en la coparticipaci\u00f3n.<\/p>\n\n\n\n<p>\u201cNuestro compromiso con el presente y el futuro de la provincia es inalterable\u201d, dijo Kirchner.<\/p>\n\n\n\n<p>\u201cComo cada d\u00eda y con la responsabilidad de siempre, continuamos trabajando por los recursos de Santa Cruz. <strong>Junto a todos los gobernadores del pa\u00eds, participamos de una mesa de trabajo para recuperar los fondos coparticipables que se vieron disminuidos por los cambios en Ganancias y el programa Compre Sin IVA<\/strong>\u201d, a\u00f1adi\u00f3.<\/p>\n\n\n\n<p>\u201cComo resultado, el Ministerio de Econom\u00eda de la Naci\u00f3n asumi\u00f3 el compromiso de distribuir en las provincias el saldo de ATN, por lo cual Santa Cruz recibir\u00e1 los fondos proporcionales que le corresponden por coparticipaci\u00f3n, los que servir\u00e1n para reequilibrar las cuentas de la provincia\u201d.<\/p>\n\n\n\n<p>Calific\u00f3 a este accionar como \u201cuna muestra de lo que, a mi criterio, es el \u00fanico camino que nos permite avanzar: el del trabajo conjunto, sin especulaciones, por el bienestar de las y los santacruce\u00f1os\u201d, e inform\u00f3 que \u201cconcurr\u00ed a la reuni\u00f3n junto al gobernador electo, Claudio Vidal, con quien logramos los resultados esperados\u201d.<\/p>\n\n\n\n<p><strong>Fuente: www.tiemposur.com.ar<\/strong><\/p>\n","protected":false},"excerpt":{"rendered":"<p>En sus redes sociales, este mi\u00e9rcoles por la noche, la gobernadora de Santa Cruz, Alicia Kirchner se mostraba con el gobernador electo Claudio Vidal, rubricando un acuerdo para enviar al Congreso un proyecto de ley convenio que distribuya entre las provincias el 50 por ciento del impuesto al cheque y, de esta forma, compensar la [&hellip;]<\/p>\n","protected":false},"author":5,"featured_media":2783,"comment_status":"open","ping_status":"open","sticky":false,"template":"","format":"standard","meta":[],"categories":[8],"tags":[],"_links":{"self":[{"href":"https:\/\/politicapatagonica.com\/index.php\/wp-json\/wp\/v2\/posts\/2782"}],"collection":[{"href":"https:\/\/politicapatagonica.com\/index.php\/wp-json\/wp\/v2\/posts"}],"about":[{"href":"https:\/\/politicapatagonica.com\/index.php\/wp-json\/wp\/v2\/types\/post"}],"author":[{"embeddable":true,"href":"https:\/\/politicapatagonica.com\/index.php\/wp-json\/wp\/v2\/users\/5"}],"replies":[{"embeddable":true,"href":"https:\/\/politicapatagonica.com\/index.php\/wp-json\/wp\/v2\/comments?post=2782"}],"version-history":[{"count":2,"href":"https:\/\/politicapatagonica.com\/index.php\/wp-json\/wp\/v2\/posts\/2782\/revisions"}],"predecessor-version":[{"id":2791,"href":"https:\/\/politicapatagonica.com\/index.php\/wp-json\/wp\/v2\/posts\/2782\/revisions\/2791"}],"wp:featuredmedia":[{"embeddable":true,"href":"https:\/\/politicapatagonica.com\/index.php\/wp-json\/wp\/v2\/media\/2783"}],"wp:attachment":[{"href":"https:\/\/politicapatagonica.com\/index.php\/wp-json\/wp\/v2\/media?parent=2782"}],"wp:term":[{"taxonomy":"category","embeddable":true,"href":"https:\/\/politicapatagonica.com\/index.php\/wp-json\/wp\/v2\/categories?post=2782"},{"taxonomy":"post_tag","embeddable":true,"href":"https:\/\/politicapatagonica.com\/index.php\/wp-json\/wp\/v2\/tags?post=2782"}],"curies":[{"name":"wp","href":"https:\/\/api.w.org\/{rel}","templated":true}]}}