{"id":2779,"date":"2023-11-30T13:20:37","date_gmt":"2023-11-30T13:20:37","guid":{"rendered":"https:\/\/politicapatagonica.com\/?p=2779"},"modified":"2023-11-30T14:19:41","modified_gmt":"2023-11-30T14:19:41","slug":"la-pampa-recibira-3827-millones-de-compensacion-por-la-coparticipacion","status":"publish","type":"post","link":"https:\/\/politicapatagonica.com\/index.php\/2023\/11\/30\/la-pampa-recibira-3827-millones-de-compensacion-por-la-coparticipacion\/","title":{"rendered":"La Pampa recibir\u00e1 $3827 millones de compensaci\u00f3n por la Coparticipaci\u00f3n"},"content":{"rendered":"\n<p>El gobernador de La Pampa, <strong>Sergio Ziliotto<\/strong> anunci\u00f3 a trav\u00e9s de sus redes sociales que <strong>La Pampa recibir\u00e1 $3287 millones en compensaci\u00f3n por la disminuci\u00f3n por la Coparticipaci\u00f3n Federal de Impuestos<\/strong>.<\/p>\n\n\n\n<p>Ziliotto escribi\u00f3 en su cuenta en X: &#8220;Hoy (por ayer mi\u00e9rcoles), junto a provincias argentinas, acordamos con @SergioMassa y @wadodecorrido la compensaci\u00f3n por la disminuci\u00f3n de la Coparticipaci\u00f3n Federal de Impuestos. Para La Pampa corresponden $3.827 millones. Adem\u00e1s, <strong>firmamos un Acta Federal para que el Poder Ejecutivo Nacional presente un Proyecto de Ley que propicie la coparticipaci\u00f3n del Impuesto a los D\u00e9bitos y Cr\u00e9ditos Bancarios<\/strong>&#8220;.<\/p>\n\n\n\n<p>El gobernador pampeano particip\u00f3 de la reuni\u00f3n entre el ministro de Econom\u00eda, Sergio Massa, con los gobernadores y en la que el ministro anunci\u00f3 que <strong>&#8220;enviar\u00e1 fondos para garantizar el pago de sueldos y aguinaldos de fin de a\u00f1o que ser\u00e1 financiado con los pesos que consigui\u00f3 en la \u00faltima licitaci\u00f3n de deuda, por cerca de 1 bill\u00f3n de pesos<\/strong>, y que tambi\u00e9n dejar\u00e1 lo restante en caja para que el pr\u00f3ximo gobierno pueda abonar la masa salarial de diciembre para los empleados p\u00fablicos nacionales&#8221;.<\/p>\n\n\n\n<p><strong>Fuente: www.eldiariodelapampa.com.ar<\/strong><\/p>\n","protected":false},"excerpt":{"rendered":"<p>El gobernador de La Pampa, Sergio Ziliotto anunci\u00f3 a trav\u00e9s de sus redes sociales que La Pampa recibir\u00e1 $3287 millones en compensaci\u00f3n por la disminuci\u00f3n por la Coparticipaci\u00f3n Federal de Impuestos. Ziliotto escribi\u00f3 en su cuenta en X: &#8220;Hoy (por ayer mi\u00e9rcoles), junto a provincias argentinas, acordamos con @SergioMassa y @wadodecorrido la compensaci\u00f3n por la [&hellip;]<\/p>\n","protected":false},"author":5,"featured_media":2780,"comment_status":"open","ping_status":"open","sticky":false,"template":"","format":"standard","meta":[],"categories":[10],"tags":[],"_links":{"self":[{"href":"https:\/\/politicapatagonica.com\/index.php\/wp-json\/wp\/v2\/posts\/2779"}],"collection":[{"href":"https:\/\/politicapatagonica.com\/index.php\/wp-json\/wp\/v2\/posts"}],"about":[{"href":"https:\/\/politicapatagonica.com\/index.php\/wp-json\/wp\/v2\/types\/post"}],"author":[{"embeddable":true,"href":"https:\/\/politicapatagonica.com\/index.php\/wp-json\/wp\/v2\/users\/5"}],"replies":[{"embeddable":true,"href":"https:\/\/politicapatagonica.com\/index.php\/wp-json\/wp\/v2\/comments?post=2779"}],"version-history":[{"count":2,"href":"https:\/\/politicapatagonica.com\/index.php\/wp-json\/wp\/v2\/posts\/2779\/revisions"}],"predecessor-version":[{"id":2789,"href":"https:\/\/politicapatagonica.com\/index.php\/wp-json\/wp\/v2\/posts\/2779\/revisions\/2789"}],"wp:featuredmedia":[{"embeddable":true,"href":"https:\/\/politicapatagonica.com\/index.php\/wp-json\/wp\/v2\/media\/2780"}],"wp:attachment":[{"href":"https:\/\/politicapatagonica.com\/index.php\/wp-json\/wp\/v2\/media?parent=2779"}],"wp:term":[{"taxonomy":"category","embeddable":true,"href":"https:\/\/politicapatagonica.com\/index.php\/wp-json\/wp\/v2\/categories?post=2779"},{"taxonomy":"post_tag","embeddable":true,"href":"https:\/\/politicapatagonica.com\/index.php\/wp-json\/wp\/v2\/tags?post=2779"}],"curies":[{"name":"wp","href":"https:\/\/api.w.org\/{rel}","templated":true}]}}