{"id":2774,"date":"2023-11-29T15:46:08","date_gmt":"2023-11-29T15:46:08","guid":{"rendered":"https:\/\/politicapatagonica.com\/?p=2774"},"modified":"2023-11-30T14:13:23","modified_gmt":"2023-11-30T14:13:23","slug":"torres-se-reunio-con-la-vicepresidenta-electa-villarruel-para-organizar-la-agenda-de-la-proxima-conformacion-del-senado","status":"publish","type":"post","link":"https:\/\/politicapatagonica.com\/index.php\/2023\/11\/29\/torres-se-reunio-con-la-vicepresidenta-electa-villarruel-para-organizar-la-agenda-de-la-proxima-conformacion-del-senado\/","title":{"rendered":"Chubut: Torres se reuni\u00f3 con la vicepresidenta electa y le pidi\u00f3 una agenda federal para el Senado"},"content":{"rendered":"\n<p>El gobernador electo de Chubut, <strong>Ignacio &#8220;Nacho&#8221; Torres, se reuni\u00f3 con la vicepresidenta de la Naci\u00f3n electa, Victoria Villarruel<\/strong>, en el marco de la agenda parlamentaria prevista para la pr\u00f3xima conformaci\u00f3n de la C\u00e1mara Alta.<\/p>\n\n\n\n<p>Al respecto, Torres mencion\u00f3 que &#8220;<strong>nos comprometimos a trabajar en conjunto con una agenda federal<\/strong>, poniendo a Chubut en el lugar que se merece&#8221; y destac\u00f3 que Villarruel, adem\u00e1s de haber vivido en la localidad de R\u00edo Mayo en el pasado, &#8220;quiere y conoce mucho a nuestra provincia&#8221;.<br><br>Adem\u00e1s, el gobernador electo anticip\u00f3 que <strong>Villarruel &#8220;ser\u00e1 articuladora de los proyectos que sirvan para generar m\u00e1s y mejor trabajo en la provincia<\/strong>, trabajando en conjunto en pos de la Argentina productiva que, para crecer, necesariamente tiene que mirar hacia el interior y, por ende, hacia la Patagonia&#8221;.<\/p>\n\n\n\n<p><strong>Fuente: www.elchubut.com.ar<\/strong><\/p>\n","protected":false},"excerpt":{"rendered":"<p>El gobernador electo de Chubut, Ignacio &#8220;Nacho&#8221; Torres, se reuni\u00f3 con la vicepresidenta de la Naci\u00f3n electa, Victoria Villarruel, en el marco de la agenda parlamentaria prevista para la pr\u00f3xima conformaci\u00f3n de la C\u00e1mara Alta. Al respecto, Torres mencion\u00f3 que &#8220;nos comprometimos a trabajar en conjunto con una agenda federal, poniendo a Chubut en el [&hellip;]<\/p>\n","protected":false},"author":5,"featured_media":2775,"comment_status":"open","ping_status":"open","sticky":false,"template":"","format":"standard","meta":[],"categories":[14],"tags":[],"_links":{"self":[{"href":"https:\/\/politicapatagonica.com\/index.php\/wp-json\/wp\/v2\/posts\/2774"}],"collection":[{"href":"https:\/\/politicapatagonica.com\/index.php\/wp-json\/wp\/v2\/posts"}],"about":[{"href":"https:\/\/politicapatagonica.com\/index.php\/wp-json\/wp\/v2\/types\/post"}],"author":[{"embeddable":true,"href":"https:\/\/politicapatagonica.com\/index.php\/wp-json\/wp\/v2\/users\/5"}],"replies":[{"embeddable":true,"href":"https:\/\/politicapatagonica.com\/index.php\/wp-json\/wp\/v2\/comments?post=2774"}],"version-history":[{"count":2,"href":"https:\/\/politicapatagonica.com\/index.php\/wp-json\/wp\/v2\/posts\/2774\/revisions"}],"predecessor-version":[{"id":2787,"href":"https:\/\/politicapatagonica.com\/index.php\/wp-json\/wp\/v2\/posts\/2774\/revisions\/2787"}],"wp:featuredmedia":[{"embeddable":true,"href":"https:\/\/politicapatagonica.com\/index.php\/wp-json\/wp\/v2\/media\/2775"}],"wp:attachment":[{"href":"https:\/\/politicapatagonica.com\/index.php\/wp-json\/wp\/v2\/media?parent=2774"}],"wp:term":[{"taxonomy":"category","embeddable":true,"href":"https:\/\/politicapatagonica.com\/index.php\/wp-json\/wp\/v2\/categories?post=2774"},{"taxonomy":"post_tag","embeddable":true,"href":"https:\/\/politicapatagonica.com\/index.php\/wp-json\/wp\/v2\/tags?post=2774"}],"curies":[{"name":"wp","href":"https:\/\/api.w.org\/{rel}","templated":true}]}}