{"id":2762,"date":"2023-11-28T13:34:36","date_gmt":"2023-11-28T13:34:36","guid":{"rendered":"https:\/\/politicapatagonica.com\/?p=2762"},"modified":"2023-11-28T17:31:54","modified_gmt":"2023-11-28T17:31:54","slug":"weretilneck-anuncio-el-gabinete-completo","status":"publish","type":"post","link":"https:\/\/politicapatagonica.com\/index.php\/2023\/11\/28\/weretilneck-anuncio-el-gabinete-completo\/","title":{"rendered":"Weretilneck anunci\u00f3 el gabinete completo antes de su asunci\u00f3n como gobernador de R\u00edo Negro"},"content":{"rendered":"\n<p><strong>El gobernador electo de R\u00edo Negro, anunci\u00f3 la nueva estructura del Poder Ejecutivo Provincial que estar\u00e1 compuesta por ocho ministerios y dos secretar\u00edas de Estado.<\/strong><\/p>\n\n\n\n<p>Acompa\u00f1ado por el vicegobernador <strong>Pedro Pesatti<\/strong> y el jefe de bloque legislativo de Juntos Somos R\u00edo Negro, Facundo L\u00f3pez, encabez\u00f3 una<strong> <\/strong>reuni\u00f3n en Viedma con el nuevo equipo de gobierno que asumir\u00e1 el pr\u00f3ximo 10 de diciembre.<\/p>\n\n\n\n<p>Estuvieron presentes los integrantes del futuro gabinete: los <strong>ministros de Salud,<\/strong> Ana Senesi; de <strong>Gobierno, Trabajo, Modernizaci\u00f3n y Turismo<\/strong>, Federico Lutz; de <strong>Seguridad y Justicia<\/strong>, Daniel Jara; de <strong>Hacienda<\/strong>, Gabriel S\u00e1nchez; de <strong>Obras y Servicios P\u00fablicos<\/strong>, Alejandro Echarren; de <strong>Educaci\u00f3n y Derechos Humanos<\/strong>, Patricia Campos; de <strong>Desarrollo Humano, Deportes y Cultura<\/strong>, Juan Pablo Muena; de <strong>Desarrollo Econ\u00f3mico y Productivo<\/strong>, Carlos Banacloy; y los secretarios de estado Nelson Cides (<strong>Secretar\u00eda General<\/strong>) y Andrea Confini (<strong>Energ\u00eda y Ambiente<\/strong>). Particip\u00f3 tambi\u00e9n el nuevo secretario de Legal y T\u00e9cnica, Milton Dumrauf.<\/p>\n\n\n\n<p><strong>Ministerio de Gobierno, Trabajo, Modernizaci\u00f3n y Turismo.<\/strong><\/p>\n\n\n\n<p>Ministro <strong>Federico Lutz.<\/strong><\/p>\n\n\n\n<p><strong>Esta cartera pol\u00edtica compete Gobierno, Trabajo, Modernizaci\u00f3n y Turismo, y la relaci\u00f3n institucional con los municipios y comisiones de fomento.<\/strong><\/p>\n\n\n\n<p>Coordinar\u00e1 todo lo relativo al sistema provincial de innovaci\u00f3n, ciencia y tecnolog\u00eda y en lo concerniente a las empresas estatales y organismos descentralizados afines, en especial en la supervisi\u00f3n de la Agencia de Innovaci\u00f3n y Econom\u00eda del Conocimiento \u201cR\u00edo Negro Innova\u201d y de Alta Tecnolog\u00eda Sociedad del Estado (ALTEC S.E.). Tendr\u00e1 v\u00ednculo con INVAP y <strong>representar\u00e1 a la Provincia ante el Consejo Federal del Trabajo.<\/strong><\/p>\n\n\n\n<p><strong>Ministerio de Hacienda<\/strong>.<\/p>\n\n\n\n<p>Ministro <strong>Gabriel S\u00e1nchez.<\/strong><\/p>\n\n\n\n<p><strong>Administraci\u00f3n financiera del sector p\u00fablico provincial a trav\u00e9s de los sistemas de presupuesto, tesorer\u00eda, contabilidad y cr\u00e9dito p\u00fablico, interviniendo en la aplicaci\u00f3n de las pol\u00edticas y en la administraci\u00f3n presupuestaria y financiera del gasto p\u00fablico provincial<\/strong>. Contiene Planificaci\u00f3n, la Agencia de Recaudaci\u00f3n Tributaria, Instituto Provincial de la Administraci\u00f3n P\u00fablica (IPAP), el Instituto Aut\u00e1rquico Provincial del Seguro (IAPS), y todo lo atinente al r\u00e9gimen de las personas jur\u00eddicas de la provincia, al r\u00e9gimen del estado civil y de capacidad de las personas, al r\u00e9gimen del registro de la propiedad inmueble y al registro de los contratos p\u00fablicos.<\/p>\n\n\n\n<p><strong>Representa a la Provincia a la Provincia de R\u00edo Negro ante el Consejo Federal de Planificaci\u00f3n y ante el Consejo Federal de Inversiones CFI. Enlace con la Unidad Provincial de Coordinaci\u00f3n y Ejecuci\u00f3n del Financiamiento Externo (U.P.C.E.F.E.) las pol\u00edticas fijadas por el Poder Ejecutivo.<\/strong><\/p>\n\n\n\n<p><strong>Ministerio de Obras y Servicios P\u00fablicos.<\/strong><\/p>\n\n\n\n<p>Ministro <strong>Alejandro Echarren<\/strong>.<\/p>\n\n\n\n<p><strong>Todo lo inherente a la gesti\u00f3n de la planificaci\u00f3n, ejecuci\u00f3n y control de obras de infraestructura social b\u00e1sica<\/strong>, viviendas, puertos y v\u00edas navegables, emprendimientos viales, aeropuertos, obras sanitarias, edificios y bienes de dominio p\u00fablico, transporte, seguridad vial, log\u00edstica y comunicaciones, distribuci\u00f3n de gas. Contiene el Instituto de Planificaci\u00f3n y Promoci\u00f3n de la Vivienda (IPPV), Direcci\u00f3n de Vialidad Rionegrina (DVR), Aguas Rionegrinas Sociedad An\u00f3nima (ARSA), y Tren Patag\u00f3nico Sociedad An\u00f3nima.<\/p>\n\n\n\n<p><strong>Ministerio de Educaci\u00f3n y Derechos Humanos.<\/strong><\/p>\n\n\n\n<p>Ministra <strong>Patricia Campos.<\/strong><\/p>\n\n\n\n<p><strong>Todo lo atinente a la gesti\u00f3n pol\u00edtica en las \u00e1reas de educaci\u00f3n y derechos humanos. Preside el Consejo Provincial de Educaci\u00f3n. Incluye el Instituto Universitario Patag\u00f3nico de las Artes (IUPA).<\/strong><\/p>\n\n\n\n<p><strong>Ministerio Seguridad y Justicia<\/strong>.<\/p>\n\n\n\n<p>Ministro<strong> Daniel Jara.<\/strong><\/p>\n\n\n\n<p><strong>Todo lo inherente a la seguridad, al orden p\u00fablico y al ejercicio pleno de los principios y garant\u00edas constitucionales.<\/strong> Tiene a su cargo la Polic\u00eda de R\u00edo Negro, gesti\u00f3n del Sistema Penitenciario, Agencia de Seguridad Vial, Bomberos y Defensa Civil.<\/p>\n\n\n\n<p><strong>Ministerio de Salud<\/strong><\/p>\n\n\n\n<p>Ministra <strong>Ana Senesi.<\/strong><\/p>\n\n\n\n<p><strong>Todo lo atinente a la salud de la poblaci\u00f3n<\/strong>. Regula campa\u00f1as de promoci\u00f3n de la salud y prevenci\u00f3n de la enfermedad. Contiene el Consejo Provincial de Salud P\u00fablica, Productora Farmac\u00e9utica Rionegrina Sociedad del Estado (PROFARSE), Sistema Integral de Atenci\u00f3n Rionegrina de Medicina de Emergencia (SIARME) y el Instituto Provincial del Seguro de Salud (IPROSS).<\/p>\n\n\n\n<p>Todo lo referido a la prevenci\u00f3n y rehabilitaci\u00f3n del abuso y consumo de sustancias psicoactivas y de otras pr\u00e1cticas de riesgo adictivo (APASA).<\/p>\n\n\n\n<p><strong>Ministerio de Desarrollo Humano, Deportes y Cultura.<\/strong><\/p>\n\n\n\n<p><strong>Juan Pablo Muena.<\/strong><\/p>\n\n\n\n<p><strong>Todo lo atinente a la elaboraci\u00f3n, planificaci\u00f3n, articulaci\u00f3n e implementaci\u00f3n de pol\u00edticas p\u00fablicas orientadas a la protecci\u00f3n, promoci\u00f3n, inserci\u00f3n social y desarrollo integral de las personas y familias en general y de los grupos en situaci\u00f3n de emergencia social.<\/strong> Asiste en forma conjunta con el Consejo de los Derechos de Ni\u00f1as, Ni\u00f1os y Adolescentes. Impulsa programas espec\u00edficos en coordinaci\u00f3n con el Comit\u00e9 Provincial para el Abordaje Integral de Pol\u00edticas P\u00fablicas con Perspectiva de G\u00e9nero y Diversidad. Contiene la Secretar\u00eda de Estado de Ni\u00f1ez, Adolescencia y Familia de la provincia de R\u00edo Negro (SENAF)<\/p>\n\n\n\n<p>Prevenci\u00f3n, asistencia, y protecci\u00f3n articulada con otros organismos de la Provincia, a personas en situaci\u00f3n de violencia por razones de g\u00e9nero.<strong> asistencia integral de personas en situaci\u00f3n de vulneraci\u00f3n de derechos o violencia por razones de g\u00e9nero<\/strong>.<\/p>\n\n\n\n<p>Todo lo relacionado a la promoci\u00f3n y desarrollo del deporte y la cultura.<\/p>\n\n\n\n<p><strong>Ministerio de Desarrollo Econ\u00f3mico y Productivo.<\/strong><\/p>\n\n\n\n<p><strong>Carlos Banacloy.<\/strong><\/p>\n\n\n\n<p><strong>Todo lo atinente al desarrollo de las actividades econ\u00f3micas y productivas comprendidas en su \u00e1rea. Coordina en conjunto con la Agencia Provincial de Desarrollo Econ\u00f3mico Rionegrino (APRODER-CREAR) la planificaci\u00f3n de sus objetivos.<\/strong> Facilita la interacci\u00f3n entre los inversores y los diferentes organismos del Estado, especialmente en relaci\u00f3n con la Agencia de Inversiones \u201cR\u00edo Negro Invierte\u201d y con la Agencia de Promoci\u00f3n de Comercio interior y exterior \u201cR\u00edo Negro Exporta\u201d.<\/p>\n\n\n\n<p>Promoci\u00f3n del consumo, desarrollo de mercados internos y externos para los productos agr\u00edcolas, forestales, ganaderos y pesqueros de la provincia.<\/p>\n\n\n\n<p>Todo lo referente a las pol\u00edticas de promoci\u00f3n del desarrollo rural, priorizando el apoyo de los peque\u00f1os y medianos productores y el fortalecimiento institucional de sus asociaciones.<\/p>\n\n\n\n<p><strong>Vinculaci\u00f3n con el Ministerio de Agricultura, Ganader\u00eda y Pesca de la Naci\u00f3n, el Instituto Nacional de Tecnolog\u00eda Agropecuaria (INTA) y dem\u00e1s entidades y organismos nacionales e internacionales.<\/strong><\/p>\n\n\n\n<p>Representaci\u00f3n provincial en la Fundaci\u00f3n Barrera Zoofitosanitaria Patag\u00f3nica (FUNBAPA) y el resto de las Comisiones Nacionales y Consejos de Producci\u00f3n que integre la provincia. Vinculaci\u00f3n con el Servicio Nacional de Sanidad y Calidad Agroalimentaria (SENASA), Instituto de Desarrollo del Valle Inferior (IDEVI) y la Empresa Forestal Rionegrina Sociedad An\u00f3nima (EMFORSA).<\/p>\n\n\n\n<p>Contiene Fauna, Puertos, y el Servicio de Prevenci\u00f3n y Lucha contra Incendios Forestales (SPLIF).<\/p>\n\n\n\n<p><strong>Secretar\u00eda General.<\/strong><\/p>\n\n\n\n<p>Secretario <strong>Nelson Cides.<\/strong><\/p>\n\n\n\n<p><strong>Todo lo concerniente al desarrollo de actividades de supervisi\u00f3n y coordinaci\u00f3n de las pol\u00edticas p\u00fablicas y programas de acci\u00f3n de gobierno. <\/strong>Supervisa la gesti\u00f3n de todo lo concerniente a Loter\u00eda para Obras de Acci\u00f3n Social y Radio y Televisi\u00f3n R\u00edo Negro Sociedad del Estado. Contiene el \u00e1rea de Legal y T\u00e9cnica, Aeron\u00e1utica, Relaciones Institucionales, Secretar\u00eda de Medios, Ceremonial y Protocolo, y Bolet\u00edn Oficial. Supervisi\u00f3n de la Casa de R\u00edo Negro y dem\u00e1s delegaciones del Poder Ejecutivo.<\/p>\n\n\n\n<p><strong>Secretar\u00eda de Energ\u00eda y Ambiente.<\/strong><\/p>\n\n\n\n<p>Secretaria<strong> Andrea Confini.<\/strong><\/p>\n\n\n\n<p><strong>Determinaci\u00f3n de pol\u00edticas y objetivos en materia de ambiente, energ\u00eda el\u00e9ctrica, miner\u00eda, hidrocarburos y sus derivados. <\/strong>Exploraci\u00f3n y explotaci\u00f3n de las \u00e1reas mineras e hidrocarbur\u00edferas; y procesos de adjudicaci\u00f3n, concesi\u00f3n y renegociaci\u00f3n de las \u00e1reas mineras e hidrocarbur\u00edferas.<\/p>\n\n\n\n<p>Todo lo relativo a los proyectos, programas, acciones y todo lo inherente a la planificaci\u00f3n, ejecuci\u00f3n y control de obras relacionadas con gas licuado de petr\u00f3leo (GLP) y gas natural licuado (GNL).<\/p>\n\n\n\n<p>Autoridad de aplicaci\u00f3n la fiscalizaci\u00f3n de las \u00e1reas mineras e hidrocarbur\u00edferas, pudiendo requerir la colaboraci\u00f3n de las Empresas Minera Rionegrina Sociedad An\u00f3nima (EMIRSA) y de Desarrollo Hidrocarbur\u00edfero Provincial (EDHIPSA).<\/p>\n\n\n\n<p>Elaboraci\u00f3n, control y fiscalizaci\u00f3n de las normas de preservaci\u00f3n, protecci\u00f3n y recuperaci\u00f3n del ambiente. Promoci\u00f3n de la educaci\u00f3n ambiental y en la difusi\u00f3n de pr\u00e1cticas tendientes a la preservaci\u00f3n ecol\u00f3gica y a la adaptaci\u00f3n y mitigaci\u00f3n al cambio clim\u00e1tico.<\/p>\n\n\n\n<p>Supervisa la gesti\u00f3n del Ente Provincial Regulador de la Electricidad (EPRE). Vinculaci\u00f3n, gesti\u00f3n y desarrollo de las pol\u00edticas a seguir por los siguientes organismos: Empresa de Desarrollo Hidrocarbur\u00edfero Provincial Sociedad An\u00f3nima (EDHIPSA), Hierro Patag\u00f3nico Rionegrino Sociedad An\u00f3nima (HIPARSA), Empresa Minera Rionegrina Sociedad An\u00f3nima (EMIRSA), Transportadora de Energ\u00eda del Comahue Sociedad An\u00f3nima (TRANSCOMAHUE S.A.), E\u00f3lica Rionegrina Sociedad An\u00f3nima (ERSA), Aguas Rionegrinas Sociedad del Estado (ARSE) y el Departamento Provincial de Aguas (DPA).<\/p>\n\n\n\n<p><strong>Fuente: www.adnrionegro.com.ar<\/strong><\/p>\n","protected":false},"excerpt":{"rendered":"<p>El gobernador electo de R\u00edo Negro, anunci\u00f3 la nueva estructura del Poder Ejecutivo Provincial que estar\u00e1 compuesta por ocho ministerios y dos secretar\u00edas de Estado. Acompa\u00f1ado por el vicegobernador Pedro Pesatti y el jefe de bloque legislativo de Juntos Somos R\u00edo Negro, Facundo L\u00f3pez, encabez\u00f3 una reuni\u00f3n en Viedma con el nuevo equipo de gobierno [&hellip;]<\/p>\n","protected":false},"author":5,"featured_media":2763,"comment_status":"open","ping_status":"open","sticky":false,"template":"","format":"standard","meta":[],"categories":[13],"tags":[],"_links":{"self":[{"href":"https:\/\/politicapatagonica.com\/index.php\/wp-json\/wp\/v2\/posts\/2762"}],"collection":[{"href":"https:\/\/politicapatagonica.com\/index.php\/wp-json\/wp\/v2\/posts"}],"about":[{"href":"https:\/\/politicapatagonica.com\/index.php\/wp-json\/wp\/v2\/types\/post"}],"author":[{"embeddable":true,"href":"https:\/\/politicapatagonica.com\/index.php\/wp-json\/wp\/v2\/users\/5"}],"replies":[{"embeddable":true,"href":"https:\/\/politicapatagonica.com\/index.php\/wp-json\/wp\/v2\/comments?post=2762"}],"version-history":[{"count":2,"href":"https:\/\/politicapatagonica.com\/index.php\/wp-json\/wp\/v2\/posts\/2762\/revisions"}],"predecessor-version":[{"id":2773,"href":"https:\/\/politicapatagonica.com\/index.php\/wp-json\/wp\/v2\/posts\/2762\/revisions\/2773"}],"wp:featuredmedia":[{"embeddable":true,"href":"https:\/\/politicapatagonica.com\/index.php\/wp-json\/wp\/v2\/media\/2763"}],"wp:attachment":[{"href":"https:\/\/politicapatagonica.com\/index.php\/wp-json\/wp\/v2\/media?parent=2762"}],"wp:term":[{"taxonomy":"category","embeddable":true,"href":"https:\/\/politicapatagonica.com\/index.php\/wp-json\/wp\/v2\/categories?post=2762"},{"taxonomy":"post_tag","embeddable":true,"href":"https:\/\/politicapatagonica.com\/index.php\/wp-json\/wp\/v2\/tags?post=2762"}],"curies":[{"name":"wp","href":"https:\/\/api.w.org\/{rel}","templated":true}]}}