{"id":2758,"date":"2023-11-28T13:07:58","date_gmt":"2023-11-28T13:07:58","guid":{"rendered":"https:\/\/politicapatagonica.com\/?p=2758"},"modified":"2023-11-28T17:28:46","modified_gmt":"2023-11-28T17:28:46","slug":"los-desafios-de-vaca-muerta-de-cara-al-nuevo-escenario-que-se-abre-el-10-de-diciembre","status":"publish","type":"post","link":"https:\/\/politicapatagonica.com\/index.php\/2023\/11\/28\/los-desafios-de-vaca-muerta-de-cara-al-nuevo-escenario-que-se-abre-el-10-de-diciembre\/","title":{"rendered":"Los desaf\u00edos de Vaca Muerta de cara al nuevo escenario que se abre el 10 de diciembre"},"content":{"rendered":"\n<p>La llegada del nuevo gobierno tendr\u00e1 en los recursos de gas y petr\u00f3leo de\u00a0<strong>Vaca Muerta<\/strong>\u00a0uno de los grandes activos a potenciar, para lo cual deber\u00e1 generar las condiciones necesarias para que <strong>el sector privado asuma el desaf\u00edo de sostener las inversiones en<\/strong>\u00a0<strong>exploraci\u00f3n y producci\u00f3n<\/strong>, de cara al nuevo escenario que se abrir\u00eda<strong>\u00a0a partir del 10 de diciembre\u00a0<\/strong>en el que el Estado dejar\u00eda de ser un actor clave en lo que respecta al desarrollo de infraestructura.<\/p>\n\n\n\n<p>La nueva orientaci\u00f3n de la pol\u00edtica energ\u00e9tica en el gobierno de<strong>&nbsp;Javier Milei<\/strong>&nbsp;estar\u00e1 a cargo de&nbsp;<strong>Guillermo Ferraro<\/strong>, quien estar\u00e1 al frente de la cartera de Infraestructura, y de&nbsp;<strong>Eduardo Rodr\u00edguez Chirillo<\/strong>, futuro titular de la Secretar\u00eda de Energ\u00eda.<\/p>\n\n\n\n<p>Otro actor clave ser\u00e1\u00a0<strong>Horacio Mar\u00edn<\/strong>, un ingeniero de Tecpetrol que asumir\u00e1 como CEO y presidente de YPF.<\/p>\n\n\n\n<p>En este marco, \u00bfqu\u00e9 se puede dar en el corto plazo y mediano plazo en Vaca Muerta y de qu\u00e9 manera las petroleras podr\u00e1n asumir el eventual corrimiento del Estado?<\/p>\n\n\n\n<p>El director de la consultora Aleph Energy,\u00a0<strong>Daniel Dreizzen<\/strong>; el Country Manager at NCS Multistage,\u00a0<strong>Luciano Fucello<\/strong>; el presidente del Centro de Estudios de la Actividad Regulatoria Energ\u00e9tica (Ceare),\u00a0<strong>Ra\u00fal Bertero<\/strong>; y el exsecretario de Energ\u00eda\u00a0<strong>Emilio Apud\u00a0<\/strong>brindaron su panorama sobre lo que viene.<\/p>\n\n\n\n<p>En un contexto en que&nbsp;<strong>Vaca Muerta<\/strong>&nbsp;se encuentra a las puertas de un desarrollo masivo con requerimientos m\u00e1s que importantes de inversi\u00f3n, Dreizzen destac\u00f3 que &#8220;en el upstream de la actividad petrolera (exploraci\u00f3n y explotaci\u00f3n) siempre invirtieron los privados o el Estado a trav\u00e9s de YPF, pero el problema m\u00e1s grande es el midstream (transporte) donde hoy est\u00e1 presente la inversi\u00f3n p\u00fablica aunque con ejecuci\u00f3n del privado&#8221;.<\/p>\n\n\n\n<p>La m\u00e1s reciente obra emblem\u00e1tica es la construcci\u00f3n del&nbsp;<strong>Gasoducto Presidente N\u00e9stor Kirchner&nbsp;<\/strong>(GPNK), el punto de partida de una nueva era de infraestructura para el shale que tiene desaf\u00edos como el reversal del Gasoducto del Norte, la etapa II del GPNK y obras millonarias anunciadas para la producci\u00f3n de GNL.<\/p>\n\n\n\n<p>&#8220;Hasta ahora los oleoductos los financiaban los privados, pero no llegaron a financiar el transporte de gas o electricidad, dos servicios p\u00fablicos de m\u00e1s largo recupero de inversi\u00f3n que requieren una adecuaci\u00f3n regulatoria y confianza en el sistema de repago de las obras&#8221;, dijo Dreizzen, exsecretario de Planeamiento Energ\u00e9tico durante la presidencia de Cambiemos, en di\u00e1logo con T\u00e9lam.<\/p>\n\n\n\n<p>Para el especialista, <strong>la actual coyuntura no est\u00e1 generando incentivos suficientes<\/strong>: &#8220;En esta situaci\u00f3n no va a haber una lluvia de inversiones, hay que generar antes confianza con la normalizaci\u00f3n de la econom\u00eda, se va a necesitar alg\u00fan tipo de garant\u00eda del Estado, con contratos de PPP (participaci\u00f3n p\u00fablico privada) o PPA (contrato de compra-venta) para que el privado consiga financiamiento adecuado y que sea un puente hasta que la econom\u00eda est\u00e9 mejor&#8221;.<\/p>\n\n\n\n<p>Para este a\u00f1o,\u00a0<strong>las inversiones en la formaci\u00f3n neuquina cerrar\u00e1n en torno a US$8.000 millones<\/strong>, con alrededor de 420 pozos perforados, de los cuales 280 fueron orientados a petr\u00f3leo, con un horizonte de crecimiento moderado para el a\u00f1o pr\u00f3ximo y mucho m\u00e1s fuerte para 2025, si se cumplen las proyecciones.<\/p>\n\n\n\n<p>Fucello, en di\u00e1logo con <strong>T\u00e9lam<\/strong>, se\u00f1al\u00f3 que &#8220;el 10 de diciembre no marca el inicio de la transici\u00f3n para la industria, sino que ya comenz\u00f3 a mitad de 2023 con una desaceleraci\u00f3n por una incertidumbre muy pronunciada de la actividad que podr\u00eda mantenerse durante el primer semestre de 2024, aunque los planes de inversi\u00f3n de las compa\u00f1\u00edas se mantienen en unos US$10.000 millones&#8221;.<\/p>\n\n\n\n<p>&#8220;Lo que s\u00ed es cierto es que de ac\u00e1 al 2027-2030 se esperan inversiones por entre 13.000 y 15.000 millones de d\u00f3lares por a\u00f1o&#8221;, para lo cual la industria encarar\u00e1 &#8220;una transici\u00f3n para sumar el equipamiento necesario, el personal capacitado, los oleoductos, infraestructuras, y rutas construidas para ya&nbsp;<strong>en 2025 pensar en alcanzar unos 600 pozos al a\u00f1o, 450 de ellos de petr\u00f3leo<\/strong>&#8220;.<\/p>\n\n\n\n<p>Ante este escenario, el directivo de la consultora NCS agreg\u00f3 que &#8220;el tema de precios y cepo tambi\u00e9n puede ser un impulso considerable para la industria si se pudiera acceder al precio internacional una vez liberado por problemas macroecon\u00f3micos, lo que va a hacer mucho m\u00e1s atractivo el negocio en particular para las empresas internacionales que est\u00e1n pensando en ingresar al mercado&#8221;.<\/p>\n\n\n\n<p>Por su parte el titular del Ceare, al ser consultado respecto a la capacidad de los privados para asumir plenamente el costo de la inversi\u00f3n en infraestructura, record\u00f3 que &#8220;en la d\u00e9cada del 90 se produjo casi la duplicaci\u00f3n de la capacidad de transporte de gasoductos con inversi\u00f3n privada&#8221;.<\/p>\n\n\n\n<p>Pero para reeditar ese escenario, Bertero se\u00f1al\u00f3 que &#8220;hay dos condiciones b\u00e1sicas necesarias: una son tarifas suficientemente altas en d\u00f3lares para pagar esa inversi\u00f3n, y otra tener un costo de capital que sea razonablemente bajo, pero para eso sobre todo hay que tener una macroeconom\u00eca que funcione&#8221;.<\/p>\n\n\n\n<p>&#8220;Mientras no ocurra -explic\u00f3-, la inversi\u00f3n privada o p\u00fablica si se la quiere apurar se tiene que hacer a trav\u00e9s de los organismos multilaterales que den un puente hasta que la econom\u00eda mejore, y a partir de entonces las posibilidades de la Argentina son fabulosas porque&nbsp;<strong>hay mucha inversi\u00f3n privada esperando para la producci\u00f3n de gas y petr\u00f3leo,de GNL, de hidr\u00f3geno<\/strong>&nbsp;y por supuesto tambi\u00e9n en las renovables, la miner\u00eda, el litio o la electromovilidad&#8221;, complet\u00f3 Bertero.<\/p>\n\n\n\n<p>Por \u00faltimo, Apud expres\u00f3 que el desaf\u00edo que enfrenta la industria para su desarrollo es que &#8220;el pr\u00f3ximo gobierno deje de intervenir en la actividad, y que genere las condiciones para que lleguen nuevas inversiones, para las cuales<strong>&nbsp;YPF sea una herramienta importante<\/strong>, como lo son las otras petroleras, pero que compita&#8221;.<\/p>\n\n\n\n<p>El exsecretario de Energ\u00eda resalt\u00f3 que &#8220;el sistema capitalista sin competencia no funciona&#8221; por lo que hay que llevar a las petroleras, incluida YPF, &#8220;a salir del \u00e1rea de confort, del plan gas que el Estado le garantiza un precio y un el barril criollo, que cuando est\u00e1 caro lo ponen barato&#8221;.<\/p>\n\n\n\n<p>&#8220;En 130 a\u00f1os se acabar\u00eda Vaca Muerta si se dedicara solamente al mercado local y al regional. Pero en 40 a\u00f1os ya no vale m\u00e1s nada el gas, por eso hay que apuntar a poner en valor todo el petr\u00f3leo y el gas que sea posible en las pr\u00f3ximas tres o cuatro d\u00e9cadas, que es la transici\u00f3n&#8221;, finaliz\u00f3 Apud.<\/p>\n\n\n\n<p><strong>Fuente: www.lmneuquen.com<\/strong><\/p>\n","protected":false},"excerpt":{"rendered":"<p>La llegada del nuevo gobierno tendr\u00e1 en los recursos de gas y petr\u00f3leo de\u00a0Vaca Muerta\u00a0uno de los grandes activos a potenciar, para lo cual deber\u00e1 generar las condiciones necesarias para que el sector privado asuma el desaf\u00edo de sostener las inversiones en\u00a0exploraci\u00f3n y producci\u00f3n, de cara al nuevo escenario que se abrir\u00eda\u00a0a partir del 10 [&hellip;]<\/p>\n","protected":false},"author":5,"featured_media":2759,"comment_status":"open","ping_status":"open","sticky":false,"template":"","format":"standard","meta":[],"categories":[9],"tags":[],"_links":{"self":[{"href":"https:\/\/politicapatagonica.com\/index.php\/wp-json\/wp\/v2\/posts\/2758"}],"collection":[{"href":"https:\/\/politicapatagonica.com\/index.php\/wp-json\/wp\/v2\/posts"}],"about":[{"href":"https:\/\/politicapatagonica.com\/index.php\/wp-json\/wp\/v2\/types\/post"}],"author":[{"embeddable":true,"href":"https:\/\/politicapatagonica.com\/index.php\/wp-json\/wp\/v2\/users\/5"}],"replies":[{"embeddable":true,"href":"https:\/\/politicapatagonica.com\/index.php\/wp-json\/wp\/v2\/comments?post=2758"}],"version-history":[{"count":2,"href":"https:\/\/politicapatagonica.com\/index.php\/wp-json\/wp\/v2\/posts\/2758\/revisions"}],"predecessor-version":[{"id":2771,"href":"https:\/\/politicapatagonica.com\/index.php\/wp-json\/wp\/v2\/posts\/2758\/revisions\/2771"}],"wp:featuredmedia":[{"embeddable":true,"href":"https:\/\/politicapatagonica.com\/index.php\/wp-json\/wp\/v2\/media\/2759"}],"wp:attachment":[{"href":"https:\/\/politicapatagonica.com\/index.php\/wp-json\/wp\/v2\/media?parent=2758"}],"wp:term":[{"taxonomy":"category","embeddable":true,"href":"https:\/\/politicapatagonica.com\/index.php\/wp-json\/wp\/v2\/categories?post=2758"},{"taxonomy":"post_tag","embeddable":true,"href":"https:\/\/politicapatagonica.com\/index.php\/wp-json\/wp\/v2\/tags?post=2758"}],"curies":[{"name":"wp","href":"https:\/\/api.w.org\/{rel}","templated":true}]}}