{"id":2755,"date":"2023-11-27T16:21:13","date_gmt":"2023-11-27T16:21:13","guid":{"rendered":"https:\/\/politicapatagonica.com\/?p=2755"},"modified":"2023-11-28T17:24:28","modified_gmt":"2023-11-28T17:24:28","slug":"el-municipio-de-rio-gallegos-presento-la-tarifaria-2024-sin-la-tasa-vial-del-4-a-los-combustibles","status":"publish","type":"post","link":"https:\/\/politicapatagonica.com\/index.php\/2023\/11\/27\/el-municipio-de-rio-gallegos-presento-la-tarifaria-2024-sin-la-tasa-vial-del-4-a-los-combustibles\/","title":{"rendered":"El municipio de R\u00edo Gallegos present\u00f3 la tarifaria 2024 sin la tasa vial del 4% a los combustibles"},"content":{"rendered":"\n<p>Este lunes el&nbsp;<strong>Concejo Deliberante de R\u00edo Gallegos<\/strong>&nbsp;se reuni\u00f3 en un Plenario de Comisiones convocado por el Ejecutivo municipal. Los concejales se reunieron con el secretaria de Hacienda municipal,&nbsp;<strong>Diego Robles<\/strong>, para tratar el C\u00e1lculo de Recursos y Presupuesto General de Gastos e Inversiones de la Administraci\u00f3n Municipal y del Honorable Concejo Deliberante para el a\u00f1o 2024.<\/p>\n\n\n\n<p>En este marco, la concejala de la UCR,<strong>\u00a0Daniela D\u2019Amico<\/strong>\u00a0dialog\u00f3 con el m\u00f3vil de<strong>\u00a0La Opini\u00f3n Austral<\/strong>\u00a0y anticip\u00f3 que el Ejecutivo present\u00f3 una nueva propuesta de <strong>Tarifaria 2024<\/strong> sin la tasa vial que inclu\u00eda una al\u00edcuota del 4% a los combustibles.<\/p>\n\n\n\n<p>\u201cEl secretario de Hacienda nos inform\u00f3 que <strong>la tasa del 4% no est\u00e1 en la nueva presentaci\u00f3n<\/strong>. Sin dudas, con la quita, ya tenemos una perspectiva distinta de la que hab\u00eda en la sesi\u00f3n pasada\u201c, asegur\u00f3 la edil.<\/p>\n\n\n\n<p>En este marco, la concejal que renovar\u00e1 su mandata el pr\u00f3ximo 10 de diciembre agreg\u00f3 que hab\u00eda recibido reparos desde la C\u00e1mara de Comercio respecto a la tarifaria. \u201cNosotros cuando planteamos el tema de tener un presupuesto participativo, es para trabajar con los distintos organismos y escuchar su voz. A veces hay medidas que se toman inconsultas y quiz\u00e1 ni siquiera con una intenci\u00f3n. Hay que empezar a escuchar a los distintos sectores de nuestra sociedad, para que las ordenanzas que vienen Ad Refer\u00e9ndum se trabajen con los vecinos y los distintos actores sociales\u201d, manifest\u00f3.<\/p>\n\n\n\n<p>\u201cEn el \u00e1mbito parlamentario es importante escuchar a las partes y en base a eso trabajar. Sin dudas, la conformaci\u00f3n del Concejo a partir del 10 de diciembre va a llevar a que este sea el camino en el que vamos a trabajar\u201d, concluy\u00f3.<\/p>\n\n\n\n<p><strong>Fuente: www.laopinionautral.com.ar<\/strong><\/p>\n","protected":false},"excerpt":{"rendered":"<p>Este lunes el&nbsp;Concejo Deliberante de R\u00edo Gallegos&nbsp;se reuni\u00f3 en un Plenario de Comisiones convocado por el Ejecutivo municipal. Los concejales se reunieron con el secretaria de Hacienda municipal,&nbsp;Diego Robles, para tratar el C\u00e1lculo de Recursos y Presupuesto General de Gastos e Inversiones de la Administraci\u00f3n Municipal y del Honorable Concejo Deliberante para el a\u00f1o 2024. [&hellip;]<\/p>\n","protected":false},"author":5,"featured_media":2756,"comment_status":"open","ping_status":"open","sticky":false,"template":"","format":"standard","meta":[],"categories":[8],"tags":[],"_links":{"self":[{"href":"https:\/\/politicapatagonica.com\/index.php\/wp-json\/wp\/v2\/posts\/2755"}],"collection":[{"href":"https:\/\/politicapatagonica.com\/index.php\/wp-json\/wp\/v2\/posts"}],"about":[{"href":"https:\/\/politicapatagonica.com\/index.php\/wp-json\/wp\/v2\/types\/post"}],"author":[{"embeddable":true,"href":"https:\/\/politicapatagonica.com\/index.php\/wp-json\/wp\/v2\/users\/5"}],"replies":[{"embeddable":true,"href":"https:\/\/politicapatagonica.com\/index.php\/wp-json\/wp\/v2\/comments?post=2755"}],"version-history":[{"count":3,"href":"https:\/\/politicapatagonica.com\/index.php\/wp-json\/wp\/v2\/posts\/2755\/revisions"}],"predecessor-version":[{"id":2769,"href":"https:\/\/politicapatagonica.com\/index.php\/wp-json\/wp\/v2\/posts\/2755\/revisions\/2769"}],"wp:featuredmedia":[{"embeddable":true,"href":"https:\/\/politicapatagonica.com\/index.php\/wp-json\/wp\/v2\/media\/2756"}],"wp:attachment":[{"href":"https:\/\/politicapatagonica.com\/index.php\/wp-json\/wp\/v2\/media?parent=2755"}],"wp:term":[{"taxonomy":"category","embeddable":true,"href":"https:\/\/politicapatagonica.com\/index.php\/wp-json\/wp\/v2\/categories?post=2755"},{"taxonomy":"post_tag","embeddable":true,"href":"https:\/\/politicapatagonica.com\/index.php\/wp-json\/wp\/v2\/tags?post=2755"}],"curies":[{"name":"wp","href":"https:\/\/api.w.org\/{rel}","templated":true}]}}