{"id":2749,"date":"2023-11-27T13:43:23","date_gmt":"2023-11-27T13:43:23","guid":{"rendered":"https:\/\/politicapatagonica.com\/?p=2749"},"modified":"2023-11-27T15:12:25","modified_gmt":"2023-11-27T15:12:25","slug":"el-gobernador-electo-de-chubut-anticipo-que-no-podra-pagar-los-aguinaldos-y-responsabilizo-a-alberto-fernandez","status":"publish","type":"post","link":"https:\/\/politicapatagonica.com\/index.php\/2023\/11\/27\/el-gobernador-electo-de-chubut-anticipo-que-no-podra-pagar-los-aguinaldos-y-responsabilizo-a-alberto-fernandez\/","title":{"rendered":"El gobernador electo de Chubut anticip\u00f3 que no podr\u00e1 pagar los aguinaldos y responsabiliz\u00f3 a Massa"},"content":{"rendered":"\n<p><strong>Ignacio Torres, gobernador electo de la provincia de Chubut de Juntos por el Cambio<\/strong>, alert\u00f3 este domingo sobre los inconvenientes que tendr\u00e1 para afrontar el<strong>&nbsp;pago de aguinaldos en diciembre<\/strong>, producto de la<strong>&nbsp;rebaja en Ganancias<\/strong>.<\/p>\n\n\n\n<p>\u201cM\u00e1s all\u00e1 del tema Ganancias, la discusi\u00f3n no es si est\u00e1 bien o mal la medida, sino de d\u00f3nde sale la plata.&nbsp;<strong>Lo que hizo Massa fue una medida proselitista, de campa\u00f1a, de manera inconsulta con los Estados provinciale<\/strong>s, y con la plata de las provincias.&nbsp;<strong>A Chubut le cuesta aproximadamente dos masas salariales<\/strong>, lo cual en este contexto se le hace<strong>&nbsp;imposible afrontar siquiera el aguinaldo<\/strong>, ahora en el mes de diciembre\u201d, manifest\u00f3 el mandatario provincial electo en comunicaci\u00f3n con radio Rivadavia.<\/p>\n\n\n\n<p>Y agreg\u00f3: \u201c<strong>En estas condiciones no vamos a poder pagar el aguinaldo<\/strong>. Pero no solo Chubut, sino que son muchas las provincias que est\u00e1n en esta situaci\u00f3n. Producto de una irresponsabilidad de haber dicho que se iba a compensar, como siempre parchando la coyuntura. Pero la realidad es que si estoy se judicializa hay un 90% de que se resuelva a favor y r\u00e1pido de las provincias\u201d.<\/p>\n\n\n\n<p>El mandatario provincial electo consider\u00f3 que el&nbsp;<strong>presidente Alberto Fern\u00e1ndez deber\u00eda compensar por medio de un DNU a las provincias<\/strong>&nbsp;por los fondos que perdieron en la decisi\u00f3n del peronismo llevada a cabo en medio de la campa\u00f1a electoral. \u201c<strong>Este gobierno tiene que resolver sus propias cagadas<\/strong>\u201d, expres\u00f3.<\/p>\n\n\n\n<p>Consider\u00f3 que la cuesti\u00f3n \u201cdeber\u00eda resolverse desde el Tesoro nacional\u201d y que \u201cno tiene que haber una ingenier\u00eda fiscal\u201d tal cual le hab\u00eda garantizado Massa a los gobernadores del Norte Grande aquienes\u00a0<strong>prometi\u00f3 coparticipar el Impuesto al Cheque,\u00a0<\/strong>algo que no ocurri\u00f3.<\/p>\n\n\n\n<p><strong>Gobernabilidad a cambio de recursos econ\u00f3mico<\/strong><\/p>\n\n\n\n<p>Lo expresado p\u00fablicamente por Torres va en sinton\u00eda con lo que manifestaron el resto de los gobernadores de Juntos por el Cambio el 22 de noviembre, quienes&nbsp;se comprometieron a garantizar la gobernabilidad de Javier Milei a cambio de una compensaci\u00f3n econ\u00f3mica por la quita de Ganancias.<\/p>\n\n\n\n<p>El encuentro de los mandatarios tuvo lugar en la Casa de Mendoza, donde el anfitri\u00f3n fue el gobernador mendocino, Alfredo Cornejo. Tambi\u00e9n participaron&nbsp;<strong>Gustavo Vald\u00e9s<\/strong>&nbsp;(Corrientes),&nbsp;<strong>Rogelio Frigerio<\/strong>&nbsp;(Entre R\u00edos),&nbsp;<strong>Ignacio Torres&nbsp;<\/strong>(Chubut),&nbsp;<strong>Carlos Sadir&nbsp;<\/strong>(Jujuy) acompa\u00f1ado por&nbsp;<strong>Gerardo Morales<\/strong>&nbsp;&#8211; mandatario saliente -,&nbsp;<strong>Leandro Zdero<\/strong>&nbsp;(Chaco),&nbsp;<strong>Marcelo Orrego<\/strong>&nbsp;(San Juan),&nbsp;<strong>Jorge Macri&nbsp;<\/strong>(CABA),&nbsp;<strong>Maximiliano Pullaro<\/strong>&nbsp;(Santa Fe), y&nbsp;<strong>Claudio Poggi<\/strong>&nbsp;(San Luis).<\/p>\n\n\n\n<p>Pese a los rumores que circularon en la previa,&nbsp;<strong>no participaron&nbsp;<\/strong>en la reuni\u00f3n ni Milei ni ning\u00fan emisario de su equipo.<\/p>\n\n\n\n<p>Los 10 gobernadores de JxC buscan consolidar un&nbsp;<strong>polo de poder&nbsp;<\/strong>que tome las riendas del liderazgo de la oposici\u00f3n y tiendan puentes para reconvertir a la coalici\u00f3n, tras la ruptura luego de las elecciones. El encuentro funcion\u00f3 como escenario para garantizar una&nbsp;<strong>foto pol\u00edtica que les permita marcar la cancha&nbsp;<\/strong>y mostrarse concertados de cara a la nueva Presidencia del libertario.<\/p>\n\n\n\n<p>Los mandatarios pretenden que Milei\u00a0<strong>revea la situaci\u00f3n\u00a0<\/strong>o, bien, que disponga alg\u00fan tipo de\u00a0<strong>compensaci\u00f3n\u00a0<\/strong>para suplir la p\u00e9rdida que padecieron producto de esa medida que implement\u00f3 el Gobierno saliente. Del mismo modo, planean discutir en general una especie de nuevo pacto fiscal y el uso que har\u00e1 el flamante Jefe de Estado de recursos como los Aportes del Tesoro Nacional, que son discrecionales.<\/p>\n\n\n\n<p><strong>Nuevo federalismo fiscal<\/strong><\/p>\n\n\n\n<p>Los gobernadores de JxC eval\u00faan que la nueva etapa implicar\u00e1 tambi\u00e9n un cambio en el federalismo fiscal.&nbsp;<strong>Milei anticip\u00f3 que planea hacer un fuerte ajuste fiscal, de cerca de 15% del Producto Interno Bruto.<\/strong><\/p>\n\n\n\n<p>\u201cSuscribimos el pedido de los gobernadores del Norte Grande para que el actual mandatario en ejercicio, Alberto Fern\u00e1ndez, firme un decreto de manera urgente compensando parcialmente esa detracci\u00f3n de fondos coparticipables\u201d, se\u00f1ala el comunicado en relaci\u00f3n a la modificaci\u00f3n del Impuesto a las Ganancias. En esa l\u00ednea, Torres de Chubut cuestion\u00f3:&nbsp;<strong>\u201cEl proyecto de Ganancias fue una agenda de campa\u00f1a que afecta a las provincias\u201d.<\/strong><\/p>\n\n\n\n<p>A su vez, el chubutense dej\u00f3 en claro que la coalici\u00f3n tendr\u00e1 un doble juego en el que articular\u00e1 gobernabilidad cuando est\u00e9n de acuerdo con la forma y el fondo de las reformas. Al mismo tiempo, ser\u00e1n contra peso cuando haya matices. \u201cEl\u00a0<strong>volumen parlamentario<\/strong>\u00a0nos da volumen para acompa\u00f1ar medidas y tambi\u00e9n\u00a0<strong>m\u00fasculo pol\u00edtico<\/strong>\u00a0para\u00a0<strong>poner frente<\/strong>\u00a0cuando haya cosas que no sean buenas para el pueblo argentino\u201d.<\/p>\n\n\n\n<p><strong>Cumbre de gobernadores peronistas<\/strong><\/p>\n\n\n\n<p>Los&nbsp;<strong>gobernadores peronistas<\/strong>&nbsp;y los de fuerzas provinciales que se alinearon en los \u00faltimos cuatro a\u00f1os al oficialismo se mantienen alertas y este martes&nbsp;planean reunirse en Buenos Aires&nbsp;para sentar posici\u00f3n y analizar&nbsp;<strong>estrategias&nbsp;<\/strong>ante la inminencia de la asunci\u00f3n de Milei como nuevo presidente.<\/p>\n\n\n\n<p>La suspensi\u00f3n de obras p\u00fablicas en marcha en todo el territorio nacional para reducir el d\u00e9ficit fiscal es uno de los \u00edtems que m\u00e1s preocupa entre los caciques provinciales. Asimismo, tambi\u00e9n hay inquietud por los recortes en otras \u00e1reas, que dificultar\u00edan el pago de los&nbsp;<strong>aguinaldos&nbsp;<\/strong>a fines de a\u00f1o, aunque en ese aspecto, anoche el presidente electo fue m\u00e1s cauto y asegur\u00f3 que&nbsp;<strong>esos fondos no corren peligro<\/strong>.<\/p>\n\n\n\n<p>Actualmente&nbsp;<strong>el peronismo y sus aliados gobiernan en 19 distritos<\/strong>: Buenos Aires (con Axel Kiciloff), Catamarca (Ra\u00fal Jalil), Chaco (Jorge Capitanich), Formosa (Gildo Insfran); San Juan (Sergio U\u00f1ac), La Rioja (Ricardo Quintela), Tierra del Fuego (Gustavo Melella), Santa Cruz (Alicia Kirchner), Entre R\u00edos (Gustavo Bordet), Chubut (Mariano Arcioni), La Pampa (Sergio Ziliotto), Tucum\u00e1n (Osvaldo Jaldo), Santa Fe, (Omar Perotti), San Luis (Alberto Rodr\u00edguez Sa\u00e1) y Neuqu\u00e9n (Omar Guti\u00e9rrez). Entre los aliados hay que contar a R\u00edo Negro (Arabela Carreras), Santiago del Estero (Gerardo Zamora), Misiones (Oscar Herrera Ahuad) y Salta (S\u00e1enz).<\/p>\n\n\n\n<p><strong>Fuente: www.infobae.com<\/strong><\/p>\n","protected":false},"excerpt":{"rendered":"<p>Ignacio Torres, gobernador electo de la provincia de Chubut de Juntos por el Cambio, alert\u00f3 este domingo sobre los inconvenientes que tendr\u00e1 para afrontar el&nbsp;pago de aguinaldos en diciembre, producto de la&nbsp;rebaja en Ganancias. \u201cM\u00e1s all\u00e1 del tema Ganancias, la discusi\u00f3n no es si est\u00e1 bien o mal la medida, sino de d\u00f3nde sale la [&hellip;]<\/p>\n","protected":false},"author":5,"featured_media":2750,"comment_status":"open","ping_status":"open","sticky":false,"template":"","format":"standard","meta":[],"categories":[14],"tags":[],"_links":{"self":[{"href":"https:\/\/politicapatagonica.com\/index.php\/wp-json\/wp\/v2\/posts\/2749"}],"collection":[{"href":"https:\/\/politicapatagonica.com\/index.php\/wp-json\/wp\/v2\/posts"}],"about":[{"href":"https:\/\/politicapatagonica.com\/index.php\/wp-json\/wp\/v2\/types\/post"}],"author":[{"embeddable":true,"href":"https:\/\/politicapatagonica.com\/index.php\/wp-json\/wp\/v2\/users\/5"}],"replies":[{"embeddable":true,"href":"https:\/\/politicapatagonica.com\/index.php\/wp-json\/wp\/v2\/comments?post=2749"}],"version-history":[{"count":2,"href":"https:\/\/politicapatagonica.com\/index.php\/wp-json\/wp\/v2\/posts\/2749\/revisions"}],"predecessor-version":[{"id":2754,"href":"https:\/\/politicapatagonica.com\/index.php\/wp-json\/wp\/v2\/posts\/2749\/revisions\/2754"}],"wp:featuredmedia":[{"embeddable":true,"href":"https:\/\/politicapatagonica.com\/index.php\/wp-json\/wp\/v2\/media\/2750"}],"wp:attachment":[{"href":"https:\/\/politicapatagonica.com\/index.php\/wp-json\/wp\/v2\/media?parent=2749"}],"wp:term":[{"taxonomy":"category","embeddable":true,"href":"https:\/\/politicapatagonica.com\/index.php\/wp-json\/wp\/v2\/categories?post=2749"},{"taxonomy":"post_tag","embeddable":true,"href":"https:\/\/politicapatagonica.com\/index.php\/wp-json\/wp\/v2\/tags?post=2749"}],"curies":[{"name":"wp","href":"https:\/\/api.w.org\/{rel}","templated":true}]}}