{"id":2735,"date":"2023-11-24T13:39:30","date_gmt":"2023-11-24T13:39:30","guid":{"rendered":"https:\/\/politicapatagonica.com\/?p=2735"},"modified":"2023-11-24T15:15:50","modified_gmt":"2023-11-24T15:15:50","slug":"bisterfeld-al-cruce-de-trapaglia-la-cuenta-de-inversion-la-tienen-desde-septiembre","status":"publish","type":"post","link":"https:\/\/politicapatagonica.com\/index.php\/2023\/11\/24\/bisterfeld-al-cruce-de-trapaglia-la-cuenta-de-inversion-la-tienen-desde-septiembre\/","title":{"rendered":"El ministro de Hacienda de La Pampa sali\u00f3 al cruce de las cr\u00edticas por demoras en el Presupuesto 2024"},"content":{"rendered":"\n<p><strong>El ministro de Hacienda de la provincia de La Pampa, Guido Bisterfeld, concurrir\u00e1 a la Legislatura para explicar m\u00e1s detalles del Presupuesto 2024,<\/strong> que present\u00f3 p\u00fablicamente junto al gobernador Sergio Ziliotto el mi\u00e9rcoles pasado.<\/p>\n\n\n\n<p>En la previa, habl\u00f3 con la guardia period\u00edstica que lo esperaba en el lugar.&nbsp;<strong>&#8220;La Cuenta de Inversi\u00f3n (que es la que contiene los datos para evaluar la gesti\u00f3n gubernamental) fue presentada en tiempo y forma, la tienen antes del 30 de septiembre&#8230; tuvieron tiempo de sobra para analizarla&#8221;<\/strong>, dijo Bisterfeld en respuesta a las declaraciones de la diputada del PRO, Mar\u00eda Laura Trapaglia.<\/p>\n\n\n\n<p><strong>La legisladora hab\u00eda criticado la presentaci\u00f3n &#8220;tard\u00eda&#8221; del Presupuesto 2024<\/strong>. &#8220;Queremos un presupuesto transparente y con datos abiertos. Queremos poder analizarlo en profundidad, que nuestros aportes sean considerados y, por sobre todo, queremos un presupuesto que refleje la realidad de nuestra provincia&#8221;, hab\u00eda dicho.<\/p>\n\n\n\n<p>El ministro volv\u00edo a aclarar que el Ejectuvivo <strong>ten\u00eda dos presupuestos alternativos: uno si ganaba Sergio Massa y otro para &#8220;resistir&#8221;, ante una eventual victoria de Javier Milei<\/strong>, como finalmente ocurri\u00f3.<\/p>\n\n\n\n<p><strong>&#8220;Tuvimos que esperar hasta \u00faltimo momento porque hab\u00eda mucha incertidumbre&#8230; de hecho la hay&#8221;<\/strong>, resalt\u00f3. Y cit\u00f3 como ejemplo que el presidente electo&nbsp;<strong>&#8220;primero anunci\u00f3 que se iban a respetar las obras p\u00fablicas en ejecuci\u00f3n y dos d\u00edas despu\u00e9s se desdijo&#8221;.<\/strong><\/p>\n\n\n\n<p>El ministro tambi\u00e9n confirm\u00f3 que hasta ahora &#8220;<strong>no hubo contacto oficial<\/strong> con las nuevas autoridades nacionales&#8221; y ratific\u00f3 que la Provincia &#8220;garantizar\u00e1 con fondos propios las obras que est\u00e1n en ejecuci\u00f3n, m\u00e1s all\u00e1 de que lleguen o no los fondos nacionales&#8221;.<\/p>\n\n\n\n<p>Consultado sobre el escenario econ\u00f3mico que plantea Javier Milei, respondi\u00f3:&nbsp;<strong>&#8220;la verdad que es ca\u00f3tico, preocupante, justamente con mucha diferencia con el Presupuesto Provincial que tiene 121 mil millones de pesos en obras p\u00fanlicas, creaci\u00f3n de cargos, pagos de jubilaciones, de salarios&#8230; todo con fondos provinciales&#8221;<\/strong>, destac\u00f3.<\/p>\n\n\n\n<p>&#8220;Pero -continu\u00f3- lo que se viene es un impacto muy grande, con un recorte muy grande a va a impactar en la actividad econ\u00f3mica y tambi\u00e9n en lo social&#8221;.<\/p>\n\n\n\n<p>Bisterfeld volvi\u00f3 a aclarar que&nbsp;<strong>&#8220;el Presupuesto Proviincial es sin recortes en \u00e1reas, s\u00ed con menos fondos previstos que son alrededor de 200 mil millones de pesos&#8221;<\/strong>. Y dijo que no esperan un recorte de la Coparticipaci\u00f3n, pero s\u00ed un &#8220;vaciamiento&#8221; de la misma.<\/p>\n\n\n\n<p>&#8220;En la plataforma de Milei dice que los productores pueden tomar de Ganancias lo que se le descuenta de retenciones&#8230; es decir,<strong> van a vaciar la coparticipaci\u00f3n, la van a dejar sin fondos<\/strong>&#8220;, complet\u00f3.<\/p>\n\n\n\n<p><strong>&#8220;S\u00ed es seguro que vamos a estar al pie del ca\u00f1on para defender el derecho de los pampeanos Queremos fortaleza econ\u00f3mica para tener fortaleza financiera y no nos obliguen a firmar nada que no nos convenga&#8221;<\/strong>, asever\u00f3.<\/p>\n\n\n\n<p>Bisterfeld tambi\u00e9n fue consultado por la reciente designaci\u00f3n de Luis Caputo como ministro de Econom\u00eda.&nbsp;<strong>&#8220;Los antecedentes de Caputo son muy malos&#8230;es el que nos endeud\u00f3 por 100 a\u00f1os con el Fondo y luego se fue.Las espectativas no son las mejores&#8221;<\/strong>, respondi\u00f3.<\/p>\n\n\n\n<p>787 mil millones<\/p>\n\n\n\n<p><strong>El presupuesto provincial para el a\u00f1o que viene asciende a 787 mil millones de pesos, un 68% m\u00e1s que el del a\u00f1o 2023<\/strong>. El gobernador Ziliotto resalt\u00f3 que se har\u00e1 hincapi\u00e9 en Salud, en Educaci\u00f3n y en Seguridad. No confirm\u00f3 ni la cl\u00e1usula gatillo ni el bono de fin de a\u00f1o para los estatales, pero avis\u00f3: &#8220;Nosotros tenemos muy claro ideol\u00f3gicamente que a mayores salarios, mayor impacto en la econom\u00eda&#8221;.<\/p>\n\n\n\n<p>En una conferencia de prensa, el ministro Bisterfeld estim\u00f3 que el a\u00f1o que viene -con la presidencia de Javier Milei- La Pampa tendr\u00e1<strong>&nbsp;un recorte nacional de fondos de unos 46 mil millones.<\/strong><\/p>\n\n\n\n<p><strong>Los excedentes que eventualmente lleguen de Naci\u00f3n se invertir\u00e1n en nuevas obras p\u00fablicas (incluidas viviendas), salarios del sector p\u00fablico e intervenci\u00f3n en la econom\u00eda con subsidio de tasas y generaci\u00f3n de empleo.<\/strong><\/p>\n\n\n\n<p>&#8220;Hemos dise\u00f1ado un presupuesto en base a los ingresos seguros que la provincia va a recibir o recaudar. Los ingresos seguros son los que tienen que ver con la recaudaci\u00f3n provincial. En segundo lugar, aquello que tiene que ver con el reparto autom\u00e1tico de la Ley de Coparticipaci\u00f3n&#8221;, explic\u00f3.<\/p>\n\n\n\n<p><strong>Ziliotto resalt\u00f3 que &#8220;este presupuesto garantiza la prestaci\u00f3n de calidad en Educaci\u00f3n, en donde invertimos un 25%, en Salud, en la pol\u00edtica de Seguridad, la alimentaci\u00f3n de los sectores vulnerables y las pol\u00edticas vinculadas a la ni\u00f1ez y adolescencia&#8221;.<\/strong><\/p>\n\n\n\n<p>Luego aclar\u00f3 que &#8220;el presupuesto para la obra es de <strong>121 mil millones de pesos<\/strong>. All\u00ed est\u00e1n contenidas todas las obras con llamado a licitaci\u00f3n, licitadas y en ejecuci\u00f3n tanto de financiamiento nacional como provincial&#8221;.<\/p>\n\n\n\n<p>El mandatario pampeano tambi\u00e9n explic\u00f3 que &#8220;<strong>la coparticipaci\u00f3n a municipios asciende a 75 mil millones de pesos<\/strong>. Esto incluye la ampliaci\u00f3n de los montos coparticipables aprobados por Ley&#8221;.<\/p>\n\n\n\n<p>Acto seguido se refiri\u00f3 a la<strong> creaci\u00f3n de cargos para garantizar servicios p\u00fablicos<\/strong>. &#8220;Se crean cargos en Educaci\u00f3n, Desarrollo Social (ni\u00f1ez y adolescencia) y Polic\u00eda&#8221;, anunci\u00f3.<\/p>\n\n\n\n<p><strong>&#8220;Estamos previendo un paquete de obras de alrededor de 80 mil millones de pesos que a partir del ingreso se dispara el llamado a licitaci\u00f3n&#8221;<\/strong>, a\u00f1adi\u00f3. Y enumer\u00f3 pavimentaci\u00f3n para Santa Rosa, Pico, Toay y Trenel. Adem\u00e1s, mencion\u00f3 la Ruta Provincial N\u00ba1 entre Riglos y Macach\u00edn, la Traves\u00eda Urbana en Quem\u00fa Quem\u00fa, la Ruta Provincial 9 y la conexi\u00f3n alternativa a la avenida Per\u00f3n entre Santa Rosa y Toay.<\/p>\n\n\n\n<p>En el Presupueto 2024 tambi\u00e9n hay obras como la repavimentaci\u00f3n de las pistas de aterrizaje en Realic\u00f3 y Arauz, la segunda nave del Polo de Educaci\u00f3n Tecnol\u00f3gica en Pico y el edificio judicial de 25 de Mayo.<\/p>\n\n\n\n<p><strong>El gobernador Ziliotto tambi\u00e9n anunci\u00f3 la construcci\u00f3n de 2000 viviendas<\/strong>: 900 con fondos provinciales -sujetas a los bonos del acuerdo por el juicio de la coparticipaci\u00f3n- y otras 1100 vinculadas a la transferencia del Programa Casa Propia del Gobierno nacional. En cuanto al Megaestadio dijo que est\u00e1 firmado el acuerdo para el financiamiento nacional total.&nbsp;<\/p>\n\n\n\n<p>Lo mismo ocurrir\u00e1 con las Escuelas T\u00e9cnicas de Santa Rosa y Pico, el Polo Educativo del este de Santa Rosa, el Centro de Formaci\u00f3n en Realic\u00f3, el Centro de Formaci\u00f3n docente en Santa Rosa, el nuevo puesto caminero en Fort\u00edn Pampa en la 188, las comisarias en Campos y Rucanelo, el Servicio de Tocoginecolog\u00eda en el Hospital Centeno y la red de agua potable de Eduardo Castex.<\/p>\n\n\n\n<p><strong>El gobernador Ziliotto resalt\u00f3 que &#8220;se apuesta al desarrollo de la econom\u00eda a trav\u00e9s de la obra p\u00fablica y de los salarios, para mantener el poder adquisitivo de los empleados p\u00fablicos y del sector privado a partir de la intervenci\u00f3n en la econom\u00eda&#8221;.<\/strong><\/p>\n\n\n\n<p>&#8220;Cada una de las obras de General Pico tiene sus particularidades. El Hospital del Plan Federal, la pavimentaci\u00f3n est\u00e1 en el presupuesto. Y el Acueducto est\u00e1 en el presupuesto nacional y seg\u00fan lo que dijo Milei, los contratos en ejecuci\u00f3n se cumplen. No sabemos lo que va a pasar con algunas obras que est\u00e1n en el presupuesto nacional, como la traves\u00eda en Santa Isabel y la Ruta Nacional 35 entre Winifreda y Castex&#8221;, respondi\u00f3 ante una consulta puntual.<\/p>\n\n\n\n<p><strong>Ante la pregunta de si el presidente electo Javier Milei lo invit\u00f3 a reunirse, respondi\u00f3: &#8220;Todav\u00eda no he recibido invitaci\u00f3n al di\u00e1logo. <\/strong>Hab\u00eda dos pa\u00edses en juego. Hoy estamos viendo, siempre a partir de una incertidumbre pol\u00edtica y sobre los dichos de Milei y de sus colaboradores. Cuando se habla de una apertura de la econom\u00eda hablamos de otras reglas de juego que si uno las analiza en base a experiencias anteriores podemos ver que vamos a tener m\u00e1s productos importados que nacionales. Pero ese producto cuanto trabajo afecta. Venimos de una recuperaci\u00f3n de la industria que solo tiene cuatro a\u00f1os y no tenemos la fuerza suficiente para enfrentar la competitividad. China primero fortaleci\u00f3 su industria y luego sali\u00f3 a conquistar el mundo. Hoy nuestras industrias no est\u00e1n lo suficientemente fuertes para enfrentar al mundo, espero equivocarme. <\/p>\n\n\n\n<p><strong>El ministro Biesterfel respondi\u00f3 la consulta, entre otras cosas, del recorte de fondos nacionales que tendr\u00e1 La Pampa. &#8220;Los recursos nacionales son el 62% de lo que dispone las provincias. <\/strong>La Pampa es una de las provincias en donde menor incidencia tiene. Si hay una baja de recursos tendremos que evitar compromisos porque cuando los asumimos debemos cumplirlos. Por eso hemos hecho este presupuesto lo m\u00e1s realista y responsable posible. Esperemos que no haya una merma que no sea significativa. La merma que tenemos prevista son en los fondos discrecionales y en diversas medidas que est\u00e1n en la plataforma del presidente electo y que van a ser una merma. En lo que corresponde a los fondos discrecionales, que es financiamiento, estimamos la merma en 46 mil millones. Se puso en el presupuesto aquello relacionado a obras. Garantizamos todas las obras que est\u00e1n licitadas y en ejecuci\u00f3n.<strong> Si no llegan los fondos se har\u00e1n con anticipo de rentas generales. Tambi\u00e9n tenemos previsto el d\u00e9ficit de las Cajas Previsionales del orden de los 30 mil millones que tambi\u00e9n los aporta Naci\u00f3n y que ser\u00e1 muy dif\u00edcil de negociar&#8221;.&nbsp;<\/strong><\/p>\n\n\n\n<p><strong>&#8220;Nosotros garantizamos la continuidad de la obra p\u00fablica, el pago de las jubilaciones y la toma de Impuesto a las Ganancias a cambio de retenciones porque es un impuesto que se coparticipa<\/strong>. La plata del convenio viene en bonos que tiene que ingresar a la provincia y esta le hace la transferencia a los municipios para que no tengan que salir al mercado. Cuando el Gobierno nacional cumpla, se dispara la licitaci\u00f3n de las 900 viviendas. El programa Mi Casa se nutre del recupero de las cuotas y de fondos. Eso sigue porque est\u00e1 independiente de estas viviendas y de las del &#8216;Casa Propia'&#8221;, agreg\u00f3 Ziliotto.<\/p>\n\n\n\n<p>Y luego se refiri\u00f3 a la<strong> cl\u00e1usula gatillo. &#8220;Nosotros tenemos muy claro ideol\u00f3gicamente que a mayores salarios, mayor impacto en la econom\u00eda.<\/strong> Por eso uno de los puntos tienen que ver con los salarios. No tenemos garant\u00eda de que los salarios sean iguales o menores a la inflaci\u00f3n. Hoy eso no lo sabemos, por lo tanto, no podemos hablar de cl\u00e1usula gatillo. Siempre que podamos vamos a darle mayor salario a los y las trabajadores&#8221;.<\/p>\n\n\n\n<p>En referencia al <strong>bono de fin de a\u00f1o<\/strong> para los estatales, respondi\u00f3:<strong> &#8220;Nosotros siempre vamos a hacer el mayor esfuerzo y para ello tenemos el \u00e1mbito paritario que es muy reconocido por los trabajadores. Eso se har\u00e1 el jueves 30 y seguramente all\u00ed tendremos mayor informaci\u00f3n para hacer una propuesta seria y analizada&#8221;.<\/strong><\/p>\n\n\n\n<p>Un resumen, con los siguientes detalles puntuales:<\/p>\n\n\n\n<p>Obra p\u00fablica<\/p>\n\n\n\n<p>El Proyecto de Presupuesto 2024 garantiza la finalizaci\u00f3n de las obras p\u00fablicas en ejecuci\u00f3n en la provincia de La Pampa por 121 mil millones de pesos, a\u00fan aquellas que tienen financiamiento nacional.<\/p>\n\n\n\n<p>Coparticipaci\u00f3n<\/p>\n\n\n\n<p>En el Presupuesto 2024 se distribuir\u00e1n 75.680 millones de pesos a los municipios y comisiones de fomento por la Ley de Coparticipaci\u00f3n, un 118% m\u00e1s que en 2023.<\/p>\n\n\n\n<p>Cargos<\/p>\n\n\n\n<p>Los cargos que se crear\u00e1n en el 2024 tienen el objetivo de garantizar la prestaci\u00f3n de servicios de calidad en todo el territorio pampeano.<\/p>\n\n\n\n<p>Por tal motivo el Proyecto de Ley de Presupuesto prev\u00e9 la creaci\u00f3n de 48 cargos y 467 horas c\u00e1tedra en el Ministerio de Educaci\u00f3n. Tambi\u00e9n, 25 cargos principalmente para el \u00e1rea de Ni\u00f1ez y Adolescencia; y 30 cargos para la Polic\u00eda de La Pampa.<\/p>\n\n\n\n<p>Eventuales mayores ingresos<\/p>\n\n\n\n<p>En el Proyecto de Ley de Presupuesto se prev\u00e9n que eventuales mayores ingresos se afecten directamente a:<\/p>\n\n\n\n<p>Nuevas obras p\u00fablicas<\/p>\n\n\n\n<p>Pavimento urbano: Santa Rosa, General Pico, Toay, Trenel, Tel\u00e9n.<\/p>\n\n\n\n<p>Rutas: 1, 10, 34, Traves\u00eda urbana Quem\u00fa Quem\u00fa, ruta 9 a C\u00f3rdoba y conexi\u00f3n Santa Rosa \u2013 Toay.<\/p>\n\n\n\n<p>Pistas de aterrizajes solicitadas por Realic\u00f3 y J. Arauz.<\/p>\n\n\n\n<p>Polo Tecnol\u00f3gico General Pico.<\/p>\n\n\n\n<p>Edificio Judicial 25 de Mayo.<\/p>\n\n\n\n<p>Viviendas: 900 + 1100 ( Bonos y Plan Nacional).<\/p>\n\n\n\n<p>Estadio Polideportivo Santa Rosa.<\/p>\n\n\n\n<p>Educaci\u00f3n. Escuelas T\u00e9cnicas SR y GP, Polo Educativo Zona Este Santa Rosa, Centro Formaci\u00f3n Profesional N\u00b0 11 Realico y Centro Formaci\u00f3n Docente Santa Rosa.<\/p>\n\n\n\n<p>Puesto Caminero Fort\u00edn Pampa Ruta 188.<\/p>\n\n\n\n<p>Edificio Servicio Ginecolog\u00eda \u2013 Gobernador Centeno \u2013 General Pico.<\/p>\n\n\n\n<p>Edificios Policiales en Miguel Can\u00e9, General Campos y Rucanelo.<\/p>\n\n\n\n<p>Renovaci\u00f3n Red Distribuci\u00f3n Agua Potable Castex.<\/p>\n\n\n\n<p><strong>Fuente: www.eldiariodelapampa.com.ar<\/strong><\/p>\n","protected":false},"excerpt":{"rendered":"<p>El ministro de Hacienda de la provincia de La Pampa, Guido Bisterfeld, concurrir\u00e1 a la Legislatura para explicar m\u00e1s detalles del Presupuesto 2024, que present\u00f3 p\u00fablicamente junto al gobernador Sergio Ziliotto el mi\u00e9rcoles pasado. En la previa, habl\u00f3 con la guardia period\u00edstica que lo esperaba en el lugar.&nbsp;&#8220;La Cuenta de Inversi\u00f3n (que es la que [&hellip;]<\/p>\n","protected":false},"author":5,"featured_media":2736,"comment_status":"open","ping_status":"open","sticky":false,"template":"","format":"standard","meta":[],"categories":[10],"tags":[],"_links":{"self":[{"href":"https:\/\/politicapatagonica.com\/index.php\/wp-json\/wp\/v2\/posts\/2735"}],"collection":[{"href":"https:\/\/politicapatagonica.com\/index.php\/wp-json\/wp\/v2\/posts"}],"about":[{"href":"https:\/\/politicapatagonica.com\/index.php\/wp-json\/wp\/v2\/types\/post"}],"author":[{"embeddable":true,"href":"https:\/\/politicapatagonica.com\/index.php\/wp-json\/wp\/v2\/users\/5"}],"replies":[{"embeddable":true,"href":"https:\/\/politicapatagonica.com\/index.php\/wp-json\/wp\/v2\/comments?post=2735"}],"version-history":[{"count":2,"href":"https:\/\/politicapatagonica.com\/index.php\/wp-json\/wp\/v2\/posts\/2735\/revisions"}],"predecessor-version":[{"id":2745,"href":"https:\/\/politicapatagonica.com\/index.php\/wp-json\/wp\/v2\/posts\/2735\/revisions\/2745"}],"wp:featuredmedia":[{"embeddable":true,"href":"https:\/\/politicapatagonica.com\/index.php\/wp-json\/wp\/v2\/media\/2736"}],"wp:attachment":[{"href":"https:\/\/politicapatagonica.com\/index.php\/wp-json\/wp\/v2\/media?parent=2735"}],"wp:term":[{"taxonomy":"category","embeddable":true,"href":"https:\/\/politicapatagonica.com\/index.php\/wp-json\/wp\/v2\/categories?post=2735"},{"taxonomy":"post_tag","embeddable":true,"href":"https:\/\/politicapatagonica.com\/index.php\/wp-json\/wp\/v2\/tags?post=2735"}],"curies":[{"name":"wp","href":"https:\/\/api.w.org\/{rel}","templated":true}]}}