{"id":2729,"date":"2023-11-23T13:50:10","date_gmt":"2023-11-23T13:50:10","guid":{"rendered":"https:\/\/politicapatagonica.com\/?p=2729"},"modified":"2023-11-24T15:05:14","modified_gmt":"2023-11-24T15:05:14","slug":"la-jura-de-los-nuevos-diputados-seria-el-proximo-9-de-diciembre","status":"publish","type":"post","link":"https:\/\/politicapatagonica.com\/index.php\/2023\/11\/23\/la-jura-de-los-nuevos-diputados-seria-el-proximo-9-de-diciembre\/","title":{"rendered":"La jura de los nuevos diputados en Santa Cruz ser\u00eda el pr\u00f3ximo 9 de diciembre"},"content":{"rendered":"\n<p>El Ejecutivo Provincial avanza en la coordinaci\u00f3n para la asunci\u00f3n de las&nbsp;<strong>nuevas autoridades&nbsp;<\/strong>que cumplir\u00e1n funci\u00f3n en la nueva conformaci\u00f3n de la&nbsp;<strong>legislatura santacruce\u00f1a<\/strong>.&nbsp;Acorde a lo que pudo saber&nbsp;<strong>La Opini\u00f3n Austral<\/strong>, se prev\u00e9 la convocatoria a diputados y diputadas electas para el<strong>&nbsp;pr\u00f3ximo 9 de noviembre<\/strong>, en un acto a realizarse en el<strong>&nbsp;Sal\u00f3n Auditorio Bet El<\/strong>, sobre calle 1 esquina 50 del barrio San Benito.<\/p>\n\n\n\n<p>Durante el encuentro, adem\u00e1s, se pondr\u00e1 en funciones al vicegobernador electo de Santa Cruz,&nbsp;<strong>Fabi\u00e1n Leguizam\u00f3n<\/strong>; que lo har\u00e1 bajo el&nbsp;<strong>Tribunal Electoral&nbsp;<\/strong>y, seguidamente, tomar\u00e1 juramento a legisladores electos.<\/p>\n\n\n\n<p>Es de recordar que la gobernadora&nbsp;<strong>Alicia Kirchner<\/strong>, y senadora electa,&nbsp;<strong>no estar\u00e1 presente en la asunci\u00f3n&nbsp;<\/strong>de las autoridades santacruce\u00f1as. Durante la entrega de diplomas a los senadores y diputados nacionales electos por Santa Cruz, en el acto realizado en la UTN, aclar\u00f3 que \u201clamentablemente\u201d no va a poder acompa\u00f1ar el 10 de diciembre a la asunci\u00f3n a&nbsp;<strong>Claudio Vidal<\/strong>&nbsp;ya que estar\u00e1 en el&nbsp;<strong>Congreso&nbsp;<\/strong>en la sesi\u00f3n donde se presentar\u00e1 al nuevo presidente y, adem\u00e1s, asumir\u00e1 como legisladora nacional.<\/p>\n\n\n\n<p>Es de recordar que el mandato presidencial vence el&nbsp;<strong>10 de diciembre<\/strong>, d\u00eda en que asumir\u00e1 el presidente electo de La Libertad Avanza,&nbsp;<strong>Javier Milei<\/strong>. En&nbsp;<strong>Chubut<\/strong>, por ejemplo, y seg\u00fan pudo saber ADNSUR, es casi un hecho que el d\u00eda elegido&nbsp;<strong>tambi\u00e9n ser\u00e1 el s\u00e1bado 9 de diciembre&nbsp;<\/strong>para quienes integran la nueva legislatura. Mientras que, por la tarde, ser\u00eda el acto de asunci\u00f3n de los integrantes de la f\u00f3rmula provincial, el gobernador&nbsp;<strong>Ignacio Torres&nbsp;<\/strong>y el vicegobernador&nbsp;<strong>Gustavo Menna<\/strong>.<\/p>\n\n\n\n<p>Es de recordar que la nueva conformaci\u00f3n de la legislatura santacruce\u00f1a qued\u00f3 conformada, tras los votos del electorado, por&nbsp;<strong>12&nbsp;<\/strong>bancas de&nbsp;<strong>Uni\u00f3n por la Patria<\/strong>,&nbsp;<strong>11&nbsp;<\/strong>ser\u00e1n ocupadas por diputados del frente&nbsp;<strong>Por Santa Cruz<\/strong>, y la restante ser\u00e1 de Cambia Santa Cruz.<\/p>\n\n\n\n<p>De este modo, por&nbsp;<strong>Uni\u00f3n por la Patria<\/strong>, la C\u00e1mara de Diputados ser\u00e1 representada por los diputados por distrito Agostina Mora, Roc\u00edo Garc\u00eda, Carlos Santi, Daniel Peralta y Karina Nieto. Mientras que,&nbsp;<strong>Por Santa Cruz<\/strong>, con Fernando Espa\u00f1\u00f3n, Iris Rasguido, Pedro Valenzuela, Claudia Barrientos y por&nbsp;<strong>Cambia Santa<\/strong>&nbsp;<strong>Cruz<\/strong>, con Pedro Mu\u00f1oz.<\/p>\n\n\n\n<p>Mientras que los diputados por el Pueblo quedaron conformados por&nbsp;<strong>Uni\u00f3n por la Patria&nbsp;<\/strong>con Eloy Echaz\u00fa (R\u00edo Gallegos), Jos\u00e9 Bodlovic (Piedra Buena), Elba Ponce (28 de Noviembre), Cristian Ojeda (Perito Moreno), Fernando P\u00e9rez (Los Antiguos), Carlos Alegr\u00eda (El Calafate), y Carlos Godoy (R\u00edo Turbio).&nbsp;Mientras que,&nbsp;<strong>Por Santa Cruz<\/strong>, con V\u00edctor Chamorro (Caleta Olivia), Jos\u00e9 Luis Quiroga (Pico Truncado), Alfredo Alfaro (Gobernador Gregores), Santiago Aberenstein (Puerto Deseado), Javier Jara (Las Heras), Juan Manuel B\u00f3rquez (Puerto Santa Cruz) y Mario Piero Boffi (San Juli\u00e1n).<\/p>\n\n\n\n<p><strong>Fuente: www.laopinionaustral.com.ar<\/strong><\/p>\n","protected":false},"excerpt":{"rendered":"<p>El Ejecutivo Provincial avanza en la coordinaci\u00f3n para la asunci\u00f3n de las&nbsp;nuevas autoridades&nbsp;que cumplir\u00e1n funci\u00f3n en la nueva conformaci\u00f3n de la&nbsp;legislatura santacruce\u00f1a.&nbsp;Acorde a lo que pudo saber&nbsp;La Opini\u00f3n Austral, se prev\u00e9 la convocatoria a diputados y diputadas electas para el&nbsp;pr\u00f3ximo 9 de noviembre, en un acto a realizarse en el&nbsp;Sal\u00f3n Auditorio Bet El, sobre calle [&hellip;]<\/p>\n","protected":false},"author":5,"featured_media":2730,"comment_status":"open","ping_status":"open","sticky":false,"template":"","format":"standard","meta":[],"categories":[8],"tags":[],"_links":{"self":[{"href":"https:\/\/politicapatagonica.com\/index.php\/wp-json\/wp\/v2\/posts\/2729"}],"collection":[{"href":"https:\/\/politicapatagonica.com\/index.php\/wp-json\/wp\/v2\/posts"}],"about":[{"href":"https:\/\/politicapatagonica.com\/index.php\/wp-json\/wp\/v2\/types\/post"}],"author":[{"embeddable":true,"href":"https:\/\/politicapatagonica.com\/index.php\/wp-json\/wp\/v2\/users\/5"}],"replies":[{"embeddable":true,"href":"https:\/\/politicapatagonica.com\/index.php\/wp-json\/wp\/v2\/comments?post=2729"}],"version-history":[{"count":2,"href":"https:\/\/politicapatagonica.com\/index.php\/wp-json\/wp\/v2\/posts\/2729\/revisions"}],"predecessor-version":[{"id":2739,"href":"https:\/\/politicapatagonica.com\/index.php\/wp-json\/wp\/v2\/posts\/2729\/revisions\/2739"}],"wp:featuredmedia":[{"embeddable":true,"href":"https:\/\/politicapatagonica.com\/index.php\/wp-json\/wp\/v2\/media\/2730"}],"wp:attachment":[{"href":"https:\/\/politicapatagonica.com\/index.php\/wp-json\/wp\/v2\/media?parent=2729"}],"wp:term":[{"taxonomy":"category","embeddable":true,"href":"https:\/\/politicapatagonica.com\/index.php\/wp-json\/wp\/v2\/categories?post=2729"},{"taxonomy":"post_tag","embeddable":true,"href":"https:\/\/politicapatagonica.com\/index.php\/wp-json\/wp\/v2\/tags?post=2729"}],"curies":[{"name":"wp","href":"https:\/\/api.w.org\/{rel}","templated":true}]}}