{"id":2722,"date":"2023-11-22T14:38:34","date_gmt":"2023-11-22T14:38:34","guid":{"rendered":"https:\/\/politicapatagonica.com\/?p=2722"},"modified":"2023-11-23T11:42:44","modified_gmt":"2023-11-23T11:42:44","slug":"weretilneck-puntea-su-gabinete-seran-8-ministerios","status":"publish","type":"post","link":"https:\/\/politicapatagonica.com\/index.php\/2023\/11\/22\/weretilneck-puntea-su-gabinete-seran-8-ministerios\/","title":{"rendered":"El gobernador electo de R\u00edo Negro puntea su gabinete: tendr\u00e1 ocho ministerios"},"content":{"rendered":"\n<p>Tras la elecci\u00f3n nacional, el gobernador electo por R\u00edo Negro, Alberto Weretilneck, se aboca a la definici\u00f3n de su gabinete. Hay una certeza: habr\u00e1 ocho ministerios y una secretar\u00eda de Estado. <strong>Alberto Weretilneck quiere un esquema chico, por lo que se reduce el organigrama con fusiones de \u00e1reas.<\/strong> Comenz\u00f3 la danza de nombres y en los pr\u00f3ximos d\u00edas el Ejecutivo podr\u00eda elevar las \u00faltimas leyes, entre ellas la nueva <strong>Ley de Ministerios.<\/strong><\/p>\n\n\n\n<p>Trabajo pierde la categor\u00eda de ministerio, vuelve a secretar\u00eda y quedar\u00e1 bajo la \u00f3rbita de Gobierno, que tambi\u00e9n absorber\u00e1 Turismo que desaparece. Desarrollo Social incorpora la SENAF, Cultura y Deportes. Y se elimina la Jefatura de Gabinete. Planificaci\u00f3n pasa a Econom\u00eda.<\/p>\n\n\n\n<p><strong>La danza de nombres<\/strong><\/p>\n\n\n\n<p>-Salud: el ministerio quedar\u00eda a cargo de la directora del hospital de Roca, <strong>Ana Senesi<\/strong>, secundada por el director del hospital de Viedma, <strong>Jos\u00e9 Pacayu<\/strong>. El circuito se completa con la legisladora <strong>Marcela \u00c1vila <\/strong>al frente del IPROSS.<\/p>\n\n\n\n<p>-Econom\u00eda: lo comandar\u00eda <strong>Gabriel Sanchez,<\/strong> que tendr\u00e1 como titular de la Agencia de Recaudaci\u00f3n al actual vicegobernador <strong>Alejandro Palmieri.<\/strong><\/p>\n\n\n\n<p>-Secretar\u00eda General de la Gobernaci\u00f3n: se descuenta la llegada de <strong>N\u00e9lson Cides<\/strong>.<\/p>\n\n\n\n<p>-Obras P\u00fablicas: asciende <strong>Alejandro Echarren<\/strong>.<\/p>\n\n\n\n<p>-Producci\u00f3n: sigue <strong>Carlos Banacloy<\/strong>, el \u00fanico ministro con continuidad.<\/p>\n\n\n\n<p><strong>Weretilneck tiene agenda en Buenos Aires por tareas vinculadas al Senado<\/strong>. All\u00ed puntea otros nombres para completar el Gabinete. Distintas fuentes arriesgan otros nombres (algunos que son parte de la transici\u00f3n como<strong> Federico Lutz y Patricia Campos<\/strong>), mientras que hay esperanzas en los socios del gran acuerdo por la integraci\u00f3n formal al gobierno desde el 10 de diciembre.<\/p>\n\n\n\n<p>En ese marco, ARSA ya recay\u00f3 en manos de Javier Iud, y el DPA podr\u00eda ser comandado por el presidente de la UCR, Pedro S\u00e1nchez.<\/p>\n\n\n\n<p><strong>Fuente: www.adnrionegro.com.ar<\/strong><\/p>\n","protected":false},"excerpt":{"rendered":"<p>Tras la elecci\u00f3n nacional, el gobernador electo por R\u00edo Negro, Alberto Weretilneck, se aboca a la definici\u00f3n de su gabinete. Hay una certeza: habr\u00e1 ocho ministerios y una secretar\u00eda de Estado. Alberto Weretilneck quiere un esquema chico, por lo que se reduce el organigrama con fusiones de \u00e1reas. Comenz\u00f3 la danza de nombres y en [&hellip;]<\/p>\n","protected":false},"author":5,"featured_media":2724,"comment_status":"open","ping_status":"open","sticky":false,"template":"","format":"standard","meta":[],"categories":[13],"tags":[],"_links":{"self":[{"href":"https:\/\/politicapatagonica.com\/index.php\/wp-json\/wp\/v2\/posts\/2722"}],"collection":[{"href":"https:\/\/politicapatagonica.com\/index.php\/wp-json\/wp\/v2\/posts"}],"about":[{"href":"https:\/\/politicapatagonica.com\/index.php\/wp-json\/wp\/v2\/types\/post"}],"author":[{"embeddable":true,"href":"https:\/\/politicapatagonica.com\/index.php\/wp-json\/wp\/v2\/users\/5"}],"replies":[{"embeddable":true,"href":"https:\/\/politicapatagonica.com\/index.php\/wp-json\/wp\/v2\/comments?post=2722"}],"version-history":[{"count":3,"href":"https:\/\/politicapatagonica.com\/index.php\/wp-json\/wp\/v2\/posts\/2722\/revisions"}],"predecessor-version":[{"id":2728,"href":"https:\/\/politicapatagonica.com\/index.php\/wp-json\/wp\/v2\/posts\/2722\/revisions\/2728"}],"wp:featuredmedia":[{"embeddable":true,"href":"https:\/\/politicapatagonica.com\/index.php\/wp-json\/wp\/v2\/media\/2724"}],"wp:attachment":[{"href":"https:\/\/politicapatagonica.com\/index.php\/wp-json\/wp\/v2\/media?parent=2722"}],"wp:term":[{"taxonomy":"category","embeddable":true,"href":"https:\/\/politicapatagonica.com\/index.php\/wp-json\/wp\/v2\/categories?post=2722"},{"taxonomy":"post_tag","embeddable":true,"href":"https:\/\/politicapatagonica.com\/index.php\/wp-json\/wp\/v2\/tags?post=2722"}],"curies":[{"name":"wp","href":"https:\/\/api.w.org\/{rel}","templated":true}]}}