{"id":2718,"date":"2023-11-22T14:16:37","date_gmt":"2023-11-22T14:16:37","guid":{"rendered":"https:\/\/politicapatagonica.com\/?p=2718"},"modified":"2023-11-22T14:16:39","modified_gmt":"2023-11-22T14:16:39","slug":"el-libertario-fueguino-santiago-pauli-considera-que-estamos-viviendo-un-tiempo-historico","status":"publish","type":"post","link":"https:\/\/politicapatagonica.com\/index.php\/2023\/11\/22\/el-libertario-fueguino-santiago-pauli-considera-que-estamos-viviendo-un-tiempo-historico\/","title":{"rendered":"El libertario fueguino Santiago Pauli considera que \u201cestamos viviendo un tiempo hist\u00f3rico\u201d"},"content":{"rendered":"\n<p><strong>Santiago Pauli<\/strong>, diputado nacional electo por Republicanos Unidos, comparti\u00f3 sus reflexiones sobre el per\u00edodo hist\u00f3rico que atraviesa Argentina tras la elecci\u00f3n de Javier Milei como presidente. Pauli <strong>destac\u00f3 la importancia del di\u00e1logo y la colaboraci\u00f3n en esta transici\u00f3n<\/strong> y adelant\u00f3 conversaciones y gestiones para definir los primeros pasos del nuevo gobierno.<\/p>\n\n\n\n<p>El libertario resalt\u00f3 la historicidad del momento y llam\u00f3 a la colaboraci\u00f3n entre los equipos salientes y entrantes para asegurar una transici\u00f3n exitosa hasta el 10 de diciembre, cuando asumir\u00e1 formalmente el nuevo gobierno: &#8220;<strong>Estamos viviendo un tiempo hist\u00f3rico<\/strong>. Creo que todos podemos coincidir en eso. Todo lo que implique este periodo de transici\u00f3n es algo en lo cual tenemos que estar todos muy atentos. <strong>Es un momento de colaboraci\u00f3n <\/strong>entre el equipo que sale y el equipo que entra, para asegurarnos de que ac\u00e1 al 10 de diciembre salga todo bien y podamos comenzar una nueva etapa en la historia argentina&#8221;.<\/p>\n\n\n\n<p>Dado el surgimiento r\u00e1pido de su espacio pol\u00edtico, Pauli reconoci\u00f3 la responsabilidad asumida y la importancia del di\u00e1logo. Destac\u00f3 que est\u00e1n dispuestos a negociar con otros espacios pol\u00edticos y asumir un rol activo en el Congreso: &#8220;Somos personas de ideales muy marcados, pero de di\u00e1logo. Estamos dispuestos a asumir ese rol. Hay cosas que el nuevo presidente las podr\u00e1 hacer desde su lugar, y otras que tendr\u00e1n que definirse en el Congreso&#8221;.<\/p>\n\n\n\n<p>Pauli revel\u00f3 que <strong>ya hubo encuentros previos con otros sectores pol\u00edticos<\/strong> y que est\u00e1n en constante di\u00e1logo. Sin embargo, enfatiz\u00f3 que algunas definiciones, como la fecha de jura en el Congreso, a\u00fan est\u00e1n pendientes.<\/p>\n\n\n\n<p>A su vez, explic\u00f3 que las primeras acciones estar\u00e1n vinculadas a las definiciones del nuevo gabinete nacional y, a partir de eso, se podr\u00e1n establecer definiciones en cada provincia. Tambi\u00e9n mencion\u00f3 la colaboraci\u00f3n con dirigentes de Juntos por el Cambio en aspectos como la fiscalizaci\u00f3n: &#8220;Primero lo que tiene que suceder es un <strong>ordenamiento del nuevo gabinete nacional<\/strong>, definiciones en lo que es el Estado central. Estamos en un per\u00edodo de transici\u00f3n y hay algunas cosas que todav\u00eda van a esperar a que se resuelva lo m\u00e1s importante&#8221;.<\/p>\n\n\n\n<p>Pauli finalmente anticip\u00f3 conversaciones en el Congreso con diferentes sectores pol\u00edticos, incluyendo Juntos por el Cambio, el peronismo disidente y sectores provinciales, para establecer agendas conjuntas: \u201cCreo que va a haber mucha conversaci\u00f3n en lo que va a ser en el Congreso entre distintos espacios; con Juntos por el Cambio, con sectores del peronismo disidente, por llamarlo de alguna manera, con sectores provinciales, para establecer agendas conjuntas del programa que tenemos para el Congreso&#8221;.<\/p>\n\n\n\n<p><strong>Fuente: www.eldiariodelfindelmundo.com<\/strong><\/p>\n","protected":false},"excerpt":{"rendered":"<p>Santiago Pauli, diputado nacional electo por Republicanos Unidos, comparti\u00f3 sus reflexiones sobre el per\u00edodo hist\u00f3rico que atraviesa Argentina tras la elecci\u00f3n de Javier Milei como presidente. Pauli destac\u00f3 la importancia del di\u00e1logo y la colaboraci\u00f3n en esta transici\u00f3n y adelant\u00f3 conversaciones y gestiones para definir los primeros pasos del nuevo gobierno. El libertario resalt\u00f3 la [&hellip;]<\/p>\n","protected":false},"author":5,"featured_media":2719,"comment_status":"open","ping_status":"open","sticky":false,"template":"","format":"standard","meta":[],"categories":[11],"tags":[],"_links":{"self":[{"href":"https:\/\/politicapatagonica.com\/index.php\/wp-json\/wp\/v2\/posts\/2718"}],"collection":[{"href":"https:\/\/politicapatagonica.com\/index.php\/wp-json\/wp\/v2\/posts"}],"about":[{"href":"https:\/\/politicapatagonica.com\/index.php\/wp-json\/wp\/v2\/types\/post"}],"author":[{"embeddable":true,"href":"https:\/\/politicapatagonica.com\/index.php\/wp-json\/wp\/v2\/users\/5"}],"replies":[{"embeddable":true,"href":"https:\/\/politicapatagonica.com\/index.php\/wp-json\/wp\/v2\/comments?post=2718"}],"version-history":[{"count":1,"href":"https:\/\/politicapatagonica.com\/index.php\/wp-json\/wp\/v2\/posts\/2718\/revisions"}],"predecessor-version":[{"id":2720,"href":"https:\/\/politicapatagonica.com\/index.php\/wp-json\/wp\/v2\/posts\/2718\/revisions\/2720"}],"wp:featuredmedia":[{"embeddable":true,"href":"https:\/\/politicapatagonica.com\/index.php\/wp-json\/wp\/v2\/media\/2719"}],"wp:attachment":[{"href":"https:\/\/politicapatagonica.com\/index.php\/wp-json\/wp\/v2\/media?parent=2718"}],"wp:term":[{"taxonomy":"category","embeddable":true,"href":"https:\/\/politicapatagonica.com\/index.php\/wp-json\/wp\/v2\/categories?post=2718"},{"taxonomy":"post_tag","embeddable":true,"href":"https:\/\/politicapatagonica.com\/index.php\/wp-json\/wp\/v2\/tags?post=2718"}],"curies":[{"name":"wp","href":"https:\/\/api.w.org\/{rel}","templated":true}]}}