{"id":2715,"date":"2023-11-22T14:03:40","date_gmt":"2023-11-22T14:03:40","guid":{"rendered":"https:\/\/politicapatagonica.com\/?p=2715"},"modified":"2023-11-22T14:03:41","modified_gmt":"2023-11-22T14:03:41","slug":"nacho-torres-y-gobernadores-de-la-patagonia-pidieron-a-nacion-medidas-para-compensar-la-perdida-de-coparticipacion","status":"publish","type":"post","link":"https:\/\/politicapatagonica.com\/index.php\/2023\/11\/22\/nacho-torres-y-gobernadores-de-la-patagonia-pidieron-a-nacion-medidas-para-compensar-la-perdida-de-coparticipacion\/","title":{"rendered":"Nacho Torres y gobernadores de la Patagonia pidieron a Naci\u00f3n medidas para compensar la p\u00e9rdida de coparticipaci\u00f3n"},"content":{"rendered":"\n<p>El gobernador electo de Chubut,<strong>\u00a0Ignacio Torres, comparti\u00f3 este mi\u00e9rcoles por la ma\u00f1ana un comunicado que firm\u00f3 con dem\u00e1s mandatarios de la Patagonia y fue enviada al presidente saliente, Alberto Fern\u00e1ndez.<\/strong><\/p>\n\n\n\n<p><strong>Es por esa raz\u00f3n es que reclamaron para que se coparticipe el 100% del Impuesto a los d\u00e9bitos y cr\u00e9ditos de cuentas bancarias y que se prorrogue el Fondo Fiduciario para el Desarrollo provincial hasta el 27 de febrero del 2050.<\/strong><\/p>\n\n\n\n<p>Asimismo, el mandatario advirti\u00f3 que &#8220;necesitamos, de manera urgente, un mecanismo de compensaci\u00f3n y el primer paso es la conformaci\u00f3n de una mesa coparticipable para discutir esta serie de variables que no solo le quitan recursos a las provincias, sino a todos sus habitantes&#8221;.<\/p>\n\n\n\n<p>&#8220;Le manifestamos al mandatario la preocupante situaci\u00f3n fiscal que se gener\u00f3 en la provincia, la reducci\u00f3n de la coparticipaci\u00f3n, provocada por las modificaciones en el Impuesto de las Ganancias y el programa Compre sin IVA&#8221;, dice la misiva.<br><br>A trav\u00e9s del documento remitido al Ejecutivo Nacional, <strong>los gobernadores que integran la Liga Patag\u00f3nica solicitaron modificaciones en la Ley de Presupuesto para el Ejercicio 2024<\/strong>, entre ellas &#8220;la inclusi\u00f3n del cien por cien del impuesto a los d\u00e9bitos y cr\u00e9ditos de cuentas bancarias, la pr\u00f3rroga del Fondo Fiduciario para el Desarrollo Provincial y que, mientras se debate dicho proyecto, se tomen medidas en car\u00e1cter de necesidad y urgencia para evitar que sigan cayendo los recursos que, hasta entonces, percib\u00eda nuestra regi\u00f3n&#8221;, finaliz\u00f3 Torres.<\/p>\n\n\n\n<p><strong>Fuente: www.elchubut.com.ar<\/strong><\/p>\n","protected":false},"excerpt":{"rendered":"<p>El gobernador electo de Chubut,\u00a0Ignacio Torres, comparti\u00f3 este mi\u00e9rcoles por la ma\u00f1ana un comunicado que firm\u00f3 con dem\u00e1s mandatarios de la Patagonia y fue enviada al presidente saliente, Alberto Fern\u00e1ndez. Es por esa raz\u00f3n es que reclamaron para que se coparticipe el 100% del Impuesto a los d\u00e9bitos y cr\u00e9ditos de cuentas bancarias y que [&hellip;]<\/p>\n","protected":false},"author":5,"featured_media":2716,"comment_status":"open","ping_status":"open","sticky":false,"template":"","format":"standard","meta":[],"categories":[14],"tags":[],"_links":{"self":[{"href":"https:\/\/politicapatagonica.com\/index.php\/wp-json\/wp\/v2\/posts\/2715"}],"collection":[{"href":"https:\/\/politicapatagonica.com\/index.php\/wp-json\/wp\/v2\/posts"}],"about":[{"href":"https:\/\/politicapatagonica.com\/index.php\/wp-json\/wp\/v2\/types\/post"}],"author":[{"embeddable":true,"href":"https:\/\/politicapatagonica.com\/index.php\/wp-json\/wp\/v2\/users\/5"}],"replies":[{"embeddable":true,"href":"https:\/\/politicapatagonica.com\/index.php\/wp-json\/wp\/v2\/comments?post=2715"}],"version-history":[{"count":1,"href":"https:\/\/politicapatagonica.com\/index.php\/wp-json\/wp\/v2\/posts\/2715\/revisions"}],"predecessor-version":[{"id":2717,"href":"https:\/\/politicapatagonica.com\/index.php\/wp-json\/wp\/v2\/posts\/2715\/revisions\/2717"}],"wp:featuredmedia":[{"embeddable":true,"href":"https:\/\/politicapatagonica.com\/index.php\/wp-json\/wp\/v2\/media\/2716"}],"wp:attachment":[{"href":"https:\/\/politicapatagonica.com\/index.php\/wp-json\/wp\/v2\/media?parent=2715"}],"wp:term":[{"taxonomy":"category","embeddable":true,"href":"https:\/\/politicapatagonica.com\/index.php\/wp-json\/wp\/v2\/categories?post=2715"},{"taxonomy":"post_tag","embeddable":true,"href":"https:\/\/politicapatagonica.com\/index.php\/wp-json\/wp\/v2\/tags?post=2715"}],"curies":[{"name":"wp","href":"https:\/\/api.w.org\/{rel}","templated":true}]}}