{"id":2707,"date":"2023-11-22T13:20:37","date_gmt":"2023-11-22T13:20:37","guid":{"rendered":"https:\/\/politicapatagonica.com\/?p=2707"},"modified":"2023-11-22T13:57:07","modified_gmt":"2023-11-22T13:57:07","slug":"reaparecio-figueroa-con-marquez-el-enlace-de-milei-en-neuquen-una-nueva-etapa","status":"publish","type":"post","link":"https:\/\/politicapatagonica.com\/index.php\/2023\/11\/22\/reaparecio-figueroa-con-marquez-el-enlace-de-milei-en-neuquen-una-nueva-etapa\/","title":{"rendered":"Reapareci\u00f3 Rolando Figueroa a trav\u00e9s de Nadia M\u00e1rquez, el enlace de Milei en Neuqu\u00e9n"},"content":{"rendered":"\n<p>Tras la\u00a0victoria de Javier Milei\u00a0se iniciaron reuniones en el \u00e1mbito pol\u00edtico entre la transici\u00f3n y quienes buscan un cargo. En ese contexto tambi\u00e9n tienen que reposicionarse quienes apoyaron p\u00fablicamente al candidato perdedor y actual ministro, <strong>Sergio Massa<\/strong>. Es el caso del gobernador electo de Neuqu\u00e9n, <strong>Rolando\u00a0Figueroa, quien, m\u00e1s all\u00e1 de la felicitaci\u00f3n de rigor en Twitter no hab\u00eda aparecido.<\/strong><\/p>\n\n\n\n<p><strong>El\u00a0gobernador electo esper\u00f3 a que el espacio libertario diera una se\u00f1al sobre Neuqu\u00e9n<\/strong>: el comunicado de <strong>Nadia M\u00e1rquez<\/strong> anunciando que ser\u00eda el enlace con el equipo nacional. Luego, el futuro mandatario hizo p\u00fablica la reuni\u00f3n con M\u00e1rquez. Pero en la mesa tambi\u00e9n estaba <strong>Osvaldo Llancafilo<\/strong>, quien cumple triple rol como ministro de Gobierno y Educaci\u00f3n, integrante del equipo de transici\u00f3n provincial, y futuro diputado nacional en la banca que dejar\u00e1 Figueroa.<\/p>\n\n\n\n<p>\u201cComenzamos&nbsp;<strong>una nueva etapa donde Argentina nos necesita trabajando juntos,<\/strong>&nbsp;poniendo en valor todo lo que la provincia aporta al pa\u00eds y reafirmando que el di\u00e1logo siempre es el camino\u201d, expres\u00f3 Figueroa, en una foto junto a M\u00e1rquez y Llancafilo, que comparti\u00f3 en X (ex Twitter).<\/p>\n\n\n\n<p>Su par rionegrino, <strong>Alberto Weretilneck<\/strong>, que tambi\u00e9n hab\u00eda brindado su respaldo a Massa,\u00a0<strong>viaj\u00f3 r\u00e1pidamente a Buenos Aires tras el balotaje,<\/strong>\u00a0que entre otras cosas, busc\u00f3\u00a0tender algunos puentes con el entorno de Milei.<\/p>\n\n\n\n<p>Desde la victoria de Javier Milei en el balotaje, el gobernador electo de Neuqu\u00e9n no brind\u00f3 declaraciones a medios. Tras la elecci\u00f3n en la que el libertario se impuso frente a Sergio Massa, el referente de Comunidad a trav\u00e9s de redes sociales expres\u00f3 que \u201cel pueblo argentino decidi\u00f3 que Javier Milei sea el nuevo presidente de la Rep\u00fablica. Envi\u00f3&nbsp;<strong>mis felicitaciones a las autoridades electas, esperando que el futuro nos encuentre trabajando por nuestro pa\u00eds.<\/strong>&nbsp;Seguiremos siempre defendiendo Neuqu\u00e9n y aportando al crecimiento de la patria\u00bb.<\/p>\n\n\n\n<p>En el cierre de campa\u00f1a en la regi\u00f3n de Sergio Massa, Figueroa brind\u00f3 su&nbsp;apoyo pol\u00edtico al candidato de Uni\u00f3n por la Patria, durante un acto en Cipolletti,&nbsp;d\u00edas antes del balotaje. \u201cNo queremos venta de \u00f3rganos, que no se privatice la educaci\u00f3n, la salud, es un grito Patag\u00f3nico\u201d, se\u00f1al\u00f3 Rolando Figueroa.<\/p>\n\n\n\n<p>Una de las que integra el espacio de Comunidad, liderado por Rolando Figueroa, es Nadia M\u00e1rquez, que tras las elecciones de octubre result\u00f3 electa como diputada nacional. Es la referente en la provincia del nuevo oficialismo nacional.<\/p>\n\n\n\n<p><strong>Qu\u00e9 dijo Figueroa sobre la idea de Milei de vender Vaca Muerta&nbsp;<\/strong><\/p>\n\n\n\n<p>Durante&nbsp; el 8\u00b0 Congreso de Producci\u00f3n y Desarrollo de Reservas del Instituto Argentino del Petr\u00f3leo y del Gas (IAPG), que tuvo lugar d\u00edas antes de las elecciones del 19 de noviembre, Rolando Figueroa fue&nbsp;<strong>cr\u00edtico sobre los dichos de Javier Milei sobre la \u201cventa\u201d de Vaca Muerta.<\/strong><\/p>\n\n\n\n<p><strong>\u201cPara los neuquinos fue como que te digan te quiero arrancar el patio de tu casa\u201d<\/strong>, expres\u00f3 el mandatario electo. Y enfatiz\u00f3: &#8220;<strong>Hasta ac\u00e1 llegaste<\/strong>, no te metas con los recursos de nuestro pueblo porque ah\u00ed cambia la cosa&#8221;.<\/p>\n\n\n\n<p><strong>Fuente: www.rionegro.com.ar<\/strong><\/p>\n\n\n\n<p><a href=\"https:\/\/www.rionegro.com.ar\/justicia\/un-funcionario-y-una-ex-asesora-de-ousset-seran-jueces-en-neuquen-3272147\/\"><\/a><\/p>\n\n\n\n<p><a href=\"https:\/\/www.rionegro.com.ar\/politica\/weretilneck-entre-las-vias-institucionales-con-milei-y-los-temores-al-efecto-macri-3272894\/\"><\/a><\/p>\n\n\n\n<p><a href=\"https:\/\/www.rionegro.com.ar\/politica\/nadia-marquez-y-guillermo-franco-diagraman-el-esquema-en-neuquen-tras-el-triunfo-de-milei-3271751\/\"><\/a><\/p>\n","protected":false},"excerpt":{"rendered":"<p>Tras la\u00a0victoria de Javier Milei\u00a0se iniciaron reuniones en el \u00e1mbito pol\u00edtico entre la transici\u00f3n y quienes buscan un cargo. En ese contexto tambi\u00e9n tienen que reposicionarse quienes apoyaron p\u00fablicamente al candidato perdedor y actual ministro, Sergio Massa. Es el caso del gobernador electo de Neuqu\u00e9n, Rolando\u00a0Figueroa, quien, m\u00e1s all\u00e1 de la felicitaci\u00f3n de rigor en [&hellip;]<\/p>\n","protected":false},"author":5,"featured_media":2708,"comment_status":"open","ping_status":"open","sticky":false,"template":"","format":"standard","meta":[],"categories":[9],"tags":[],"_links":{"self":[{"href":"https:\/\/politicapatagonica.com\/index.php\/wp-json\/wp\/v2\/posts\/2707"}],"collection":[{"href":"https:\/\/politicapatagonica.com\/index.php\/wp-json\/wp\/v2\/posts"}],"about":[{"href":"https:\/\/politicapatagonica.com\/index.php\/wp-json\/wp\/v2\/types\/post"}],"author":[{"embeddable":true,"href":"https:\/\/politicapatagonica.com\/index.php\/wp-json\/wp\/v2\/users\/5"}],"replies":[{"embeddable":true,"href":"https:\/\/politicapatagonica.com\/index.php\/wp-json\/wp\/v2\/comments?post=2707"}],"version-history":[{"count":3,"href":"https:\/\/politicapatagonica.com\/index.php\/wp-json\/wp\/v2\/posts\/2707\/revisions"}],"predecessor-version":[{"id":2714,"href":"https:\/\/politicapatagonica.com\/index.php\/wp-json\/wp\/v2\/posts\/2707\/revisions\/2714"}],"wp:featuredmedia":[{"embeddable":true,"href":"https:\/\/politicapatagonica.com\/index.php\/wp-json\/wp\/v2\/media\/2708"}],"wp:attachment":[{"href":"https:\/\/politicapatagonica.com\/index.php\/wp-json\/wp\/v2\/media?parent=2707"}],"wp:term":[{"taxonomy":"category","embeddable":true,"href":"https:\/\/politicapatagonica.com\/index.php\/wp-json\/wp\/v2\/categories?post=2707"},{"taxonomy":"post_tag","embeddable":true,"href":"https:\/\/politicapatagonica.com\/index.php\/wp-json\/wp\/v2\/tags?post=2707"}],"curies":[{"name":"wp","href":"https:\/\/api.w.org\/{rel}","templated":true}]}}