{"id":2698,"date":"2023-11-21T13:21:26","date_gmt":"2023-11-21T13:21:26","guid":{"rendered":"https:\/\/politicapatagonica.com\/?p=2698"},"modified":"2023-11-21T15:29:01","modified_gmt":"2023-11-21T15:29:01","slug":"claudio-vidal-hablo-de-javier-milei-como-gobernador-de-santa-cruz-voy-a-estar-al-lado-del-presidente-y-defendere-nuestra-provincia","status":"publish","type":"post","link":"https:\/\/politicapatagonica.com\/index.php\/2023\/11\/21\/claudio-vidal-hablo-de-javier-milei-como-gobernador-de-santa-cruz-voy-a-estar-al-lado-del-presidente-y-defendere-nuestra-provincia\/","title":{"rendered":"Claudio Vidal anticip\u00f3 que \u201ccomo gobernador de Santa Cruz voy a estar al lado del presidente\u201d"},"content":{"rendered":"\n<p>El gobernador electo de Santa Cruz,<strong>&nbsp;Claudio Vidal<\/strong>, asegur\u00f3 que acompa\u00f1ar\u00e1 la presidencia de&nbsp;<strong>Javier Milei<\/strong>, que trabajar\u00e1 para ayudar los problemas del pa\u00eds y que priorizar\u00e1 \u201cel di\u00e1logo antes que tomar malas decisiones\u201d.<\/p>\n\n\n\n<p>En un comunicado, Vidal se\u00f1al\u00f3 que las elecciones del domingo constituyen \u201cuna demostraci\u00f3n m\u00e1s de respeto a la<strong>\u00a0<\/strong>Constituci\u00f3n Nacional, a las instituciones y a las leyes de nuestro pa\u00eds\u201d y apunt\u00f3 que <strong>\u201cel di\u00e1logo y el respeto entre los ciudadanos debe ser la v\u00eda m\u00e1s sensata en nuestras diferencias\u201d<\/strong>.<\/p>\n\n\n\n<p>En este sentido, pidi\u00f3 terminar con las grietas, revanchismos y odios \u201cque nos llevan a estar en las ant\u00edpodas, muchas veces sin salida o estancados\u201d e inst\u00f3 a resolver los problemas juntos para salir de \u201cla crisis profunda en la que nos encontramos\u201d.<\/p>\n\n\n\n<p>Asimismo, dese\u00f3 que le vaya bien al presidente electo Javier Milei as\u00ed como a cada uno de los gobernadores e intendentes electos, independientemente del partido al que pertenezcan. <strong>\u201cBasta de oficialismos y oposiciones. Si fracasa el gobierno nacional o provincial, el que sufre el pueblo<\/strong>&#8220;, apunt\u00f3.<\/p>\n\n\n\n<p><strong>\u201cComo gobernador de la provincia de Santa Cruz estar\u00e9 al lado del presidente, para ayudar a solucionar los problemas que atraviesa nuestro pa\u00eds.<\/strong>\u00a0Y como representante del pueblo de Santa Cruz,\u00a0defender\u00e9 nuestros recursos naturales, nuestros derechos soberanos y nuestras riquezas, que son las herramientas con las que construimos futuro\u201c, se\u00f1al\u00f3.<\/p>\n\n\n\n<p>De este modo, asegur\u00f3 que acompa\u00f1ar\u00e1 al nuevo gobierno nacional, pero que \u201cno vamos a decir a todo que s\u00ed, priorizamos el di\u00e1logo antes que tomar malas decisiones o de forma unilateral que afecten a otra persona\u201d.<\/p>\n\n\n\n<p>Por otra parte, Vidal consider\u00f3 que es necesario realizar cambios, pero que eso no tiene que hacerse \u201cpasando por arriba de la Constituci\u00f3n, ni de la autonom\u00eda provincial, ni del pueblo\u201d. \u201cTodos tenemos derecho a pensar y actuar en libertad, pero con respeto, tolerancia y responsabilidad\u201d, destac\u00f3.<\/p>\n\n\n\n<p>\u201cTengo esperanza porque empieza una nueva \u00e9poca, depende de nosotros de escribir las p\u00e1ginas de los pr\u00f3ximos a\u00f1os que expresen una Argentina solidaria, m\u00e1s igualitaria, desarrollada y productiva\u201d concluy\u00f3.<\/p>\n\n\n\n<p><strong>Fuente: www.laopinionaustral.com.ar<\/strong><\/p>\n","protected":false},"excerpt":{"rendered":"<p>El gobernador electo de Santa Cruz,&nbsp;Claudio Vidal, asegur\u00f3 que acompa\u00f1ar\u00e1 la presidencia de&nbsp;Javier Milei, que trabajar\u00e1 para ayudar los problemas del pa\u00eds y que priorizar\u00e1 \u201cel di\u00e1logo antes que tomar malas decisiones\u201d. En un comunicado, Vidal se\u00f1al\u00f3 que las elecciones del domingo constituyen \u201cuna demostraci\u00f3n m\u00e1s de respeto a la\u00a0Constituci\u00f3n Nacional, a las instituciones y [&hellip;]<\/p>\n","protected":false},"author":5,"featured_media":2699,"comment_status":"open","ping_status":"open","sticky":false,"template":"","format":"standard","meta":[],"categories":[8],"tags":[],"_links":{"self":[{"href":"https:\/\/politicapatagonica.com\/index.php\/wp-json\/wp\/v2\/posts\/2698"}],"collection":[{"href":"https:\/\/politicapatagonica.com\/index.php\/wp-json\/wp\/v2\/posts"}],"about":[{"href":"https:\/\/politicapatagonica.com\/index.php\/wp-json\/wp\/v2\/types\/post"}],"author":[{"embeddable":true,"href":"https:\/\/politicapatagonica.com\/index.php\/wp-json\/wp\/v2\/users\/5"}],"replies":[{"embeddable":true,"href":"https:\/\/politicapatagonica.com\/index.php\/wp-json\/wp\/v2\/comments?post=2698"}],"version-history":[{"count":2,"href":"https:\/\/politicapatagonica.com\/index.php\/wp-json\/wp\/v2\/posts\/2698\/revisions"}],"predecessor-version":[{"id":2705,"href":"https:\/\/politicapatagonica.com\/index.php\/wp-json\/wp\/v2\/posts\/2698\/revisions\/2705"}],"wp:featuredmedia":[{"embeddable":true,"href":"https:\/\/politicapatagonica.com\/index.php\/wp-json\/wp\/v2\/media\/2699"}],"wp:attachment":[{"href":"https:\/\/politicapatagonica.com\/index.php\/wp-json\/wp\/v2\/media?parent=2698"}],"wp:term":[{"taxonomy":"category","embeddable":true,"href":"https:\/\/politicapatagonica.com\/index.php\/wp-json\/wp\/v2\/categories?post=2698"},{"taxonomy":"post_tag","embeddable":true,"href":"https:\/\/politicapatagonica.com\/index.php\/wp-json\/wp\/v2\/tags?post=2698"}],"curies":[{"name":"wp","href":"https:\/\/api.w.org\/{rel}","templated":true}]}}