{"id":2694,"date":"2023-11-21T13:14:22","date_gmt":"2023-11-21T13:14:22","guid":{"rendered":"https:\/\/politicapatagonica.com\/?p=2694"},"modified":"2023-11-21T15:22:04","modified_gmt":"2023-11-21T15:22:04","slug":"el-cambio-lo-va-a-sufrir-la-politica-el-sector-que-siempre-se-beneficio","status":"publish","type":"post","link":"https:\/\/politicapatagonica.com\/index.php\/2023\/11\/21\/el-cambio-lo-va-a-sufrir-la-politica-el-sector-que-siempre-se-beneficio\/","title":{"rendered":"Mart\u00edn Ardohain: &#8220;El cambio lo va a sufrir la pol\u00edtica, el sector que siempre se benefici\u00f3&#8221;"},"content":{"rendered":"\n<p><strong>Mart\u00edn Ardohain<\/strong> -uno de los dirigentes del PRO que se sum\u00f3 al pacto del expresidente Mauricio Macri y de Patricia Bullrich para apoyar a Javier Milei en el balotaje- sostuvo que viene una etapa de di\u00e1logo.\u00a0<strong>&#8220;El cambio lo va a sufrir la pol\u00edtica, el sector que siempre se benefici\u00f3&#8221;<\/strong>, afirm\u00f3.<\/p>\n\n\n\n<p>El diputado nacional electo por La Pampa consider\u00f3 que la gente est\u00e1 &#8220;con m\u00e1s paciencia&#8221; y sabe que viene &#8220;una transici\u00f3n antes de los resultados&#8221;.<\/p>\n\n\n\n<p>Pero <strong>aventur\u00f3 que Juntos por el Cambio se ampliar\u00e1 con La Libertad Avanza. <\/strong>&#8220;No s\u00e9 como se llamar\u00e1&#8221;, dijo. Pero ubic\u00f3 a los 10 gobernadores de JxC en la coalici\u00f3n de gobierno.\u00a0<\/p>\n\n\n\n<p><strong>&#8220;\u00bfQu\u00e9 an\u00e1lisis hac\u00e9s el d\u00eda\u00a0despu\u00e9s de la elecci\u00f3n con Milei presidente?&#8221;,\u00a0<\/strong>le consult\u00f3 El Diario\u00a0a Ardohain.<\/p>\n\n\n\n<p><strong>-Un d\u00eda de esperanza, de libertad. Si hubiera ganado Massa hubiera sido un d\u00eda normal, el aparato y toda la presi\u00f3n del Gobierno nacional y provinciales y las estructuras hubieran salido con la suya. Fue impresionante lo que se gast\u00f3 en dinero, en publicidad, la presi\u00f3n, no me canso de recibir llamados de trabajadores que fueron presionados, que si no votaban a Massa se terminaba la democracia, se terminaba el trabajo. Y, sin embargo, la gente, el 55%, m\u00e1s, casi el 60% de los argentinos y de los pampeanos, le dijeron que no a ese sistema<\/strong>. La verdad es que siempre se dec\u00eda que Argentina pod\u00eda ser Venezuela, que se pod\u00eda perder la democracia. Creo que hoy gan\u00f3 la democracia, ni el mayor Estado, ni la presi\u00f3n del Gobierno de turno, pudieron con la gente.\u00a0La gente libremente y en paz vot\u00f3 y le dijo que no aa un sistema que no le trae soluciones. Todos se quieren convencer de que en La Pampa hay tranquilidad, hay seguridad, hay futuro, hay trabajo, pero la gente sabe que no es as\u00ed, y se cans\u00f3. Lleno de esperanza y de optimismo.<\/p>\n\n\n\n<p>&#8211;<strong>\u00bfQu\u00e9 imagin\u00e1s que pude pasar a nivel nacional con Juntos por el Cambio y con la coalici\u00f3n opositora?<\/strong><\/p>\n\n\n\n<p>-Hay que esperar. Ahora hay una gran responsabilidad del gobierno de turno. Ayer, irresponsablemente, se barajaba que el ministro Massa pod\u00eda renunciar. Al Presidente no se lo ve. Ac\u00e1 hay un mandato para el Presidente Fern\u00e1ndez y a Cristina Fern\u00e1ndez de Kirchner y al ministro de Econom\u00eda, Massa que tienen que llevar paz a los argentinos. Tranquilidad. Sacar ese patriotismo que todav\u00eda no lo han demostrado y ponerse a la altura de las circunstancias.<strong> Llevar paz a todos y hacer una transici\u00f3n en calma. Para que el pr\u00f3ximo gobierno que empieza el 10 de diciembre, con todas las dificultades que se va a encontrar, pero que estos 20 d\u00edas no sean de angustia y de caos. Primero lo primero: este gobierno ter mina el 10 de diciembre y a partir de all\u00ed nosotros tenemos una gran responsabilidad, cuando hablo de nosotros, digo de Juntos por el Cambio, y de los argentinos, porque el cambio no lo hace una sola persona<\/strong>. Estamos convencidos de que tenemos mucho que aportar, tenemos 10 gobernadores, diputados, experiencia. Va a ser un gobierno de di\u00e1logo, porque no tiene las mayor\u00edas para gobernar. Esa es la Argentina que uno desea. Y no estos 20 a\u00f1os de kirchnerismo, donde el Senado hoy era una escriban\u00eda. Se juntaban cuando ten\u00edan quorum y a tratar los temas que ellos quer\u00edan. Y no pudo haber debate. Se viene una Argentina de debate y la esperanza que tenemos el 60% de los argentinos.<\/p>\n\n\n\n<p><strong>-\u00bfC\u00f3mo cre\u00e9s que van a ser estos primeros meses donde hay que hacer cambios importantes?<\/strong><\/p>\n\n\n\n<p>-Con mucha esperanza. No se vot\u00f3 a Milei para hacer lo mismo. <strong>Los que est\u00e1n m\u00e1s preocupados son los integrantes de la pol\u00edtica. Y los que se han beneficiado de eso. La gente no tiene esa preocupaci\u00f3n. Sabe que las medidas van a ser a favor de la gente. Como dice Javier Milei, los ajustes y el cambio lo va a sufrir la pol\u00edtica.<\/strong><\/p>\n\n\n\n<p><strong>-Los resultados para que impacten en la gente van a tardar, viene una transici\u00f3n. \u00bfEso est\u00e1 previsto?<\/strong><\/p>\n\n\n\n<p>-En el pueblo argentino hay una madurez, lo demostr\u00f3 el domingo, una templanza. En otros momentos la ansiedad, esto de que para cosechar hay que sembrar, eso no pasaba. Ayer escuchaba a mucha gente convencida que esto va a llevar un tiempo. Pero dispuesta a que habr\u00e1 un cambio. Se sabe que a partir del pr\u00f3ximo gobierno, para lograr cambiar las cosas, hab\u00eda que darle tiempo para madurar.<strong> Se viene un proceso de cambio, que puede llevar m\u00e1s o menos, pero lo importante es comenzar. A los que tenemos unos a\u00f1os, se nos ha pasado la vida y no vemos un cambio. Vemos deterioro en todo. Empecemos con ese cambio a partir del 10 de diciembre.<\/strong><\/p>\n\n\n\n<p><strong>-\u00bfJuntos por el Cambio en La Pampa puede seguir en coalici\u00f3n o depende del nivel nacional?<\/strong><\/p>\n\n\n\n<p>-Juntos por el Cambio se va a modificar. De hecho, se ha modificado. Hay un sector muy importante que es La Libertad Avanza,&nbsp; creo que puede ampliar. Juntos por el Cambio ha hecho las cosas bien. T<strong>enemos 10 gobernadores, en La Pampa tenemos 36 intendentes de 86. Hay un trabajo muy importante, donde se afianz\u00f3 la relaci\u00f3n con muchos dirigentes. No s\u00e9 c\u00f3mo se llamar\u00e1. Se ampliar\u00e1. Hay una coalici\u00f3n de gobierno mucho m\u00e1s grande, con una oposici\u00f3n que se tiene que reacomodar. Est\u00e1 todo por hacerse. Hay un antes y un despu\u00e9s desde el domingo<\/strong>. Los nombres de c\u00f3mo se llamar\u00e1 cada uno, no lo s\u00e9. Pero empezamos a transitar ese camino. La mayor\u00eda de los argentinos lo ven\u00edamos so\u00f1ando. No se daba en las urnas. El pueblo sorprendi\u00f3, pero una persona sin estructura, sin aparato, porque tuvo que salir a pedir fiscales, y la verdad fue una satisfacci\u00f3n a las seis de la tarde cuando empezaron a salir las boletas de Milei.<\/p>\n\n\n\n<p><strong>-\u00bfQu\u00e9 pasar\u00e1 con las pol\u00edticas del campo y con el propio campo desde el 10 de diciembre?<\/strong><\/p>\n\n\n\n<p>-En lo personal dije que lo votaba r\u00e1pidamente porque creo que se viene esa Argentina de di\u00e1logo.<strong> El temor que me asustaba, porque ganara Massa, es que nunca se escuch\u00f3 las propuestas de la oposici\u00f3n. Nos pas\u00f3 en La Pampa, solo pasa lo que baja el Ejecutivo. Cuando propusimos la baja del SirCreb, siempre se nos ningune\u00f3. Milei tiene que escuchar porque no tiene mayor\u00eda. Y hay que apostar al trabajo, al sacrificio y a la producci\u00f3n.<\/strong><\/p>\n\n\n\n<p><strong>Fuente: www.eldiariodelapampa.com.ar<\/strong><\/p>\n","protected":false},"excerpt":{"rendered":"<p>Mart\u00edn Ardohain -uno de los dirigentes del PRO que se sum\u00f3 al pacto del expresidente Mauricio Macri y de Patricia Bullrich para apoyar a Javier Milei en el balotaje- sostuvo que viene una etapa de di\u00e1logo.\u00a0&#8220;El cambio lo va a sufrir la pol\u00edtica, el sector que siempre se benefici\u00f3&#8221;, afirm\u00f3. El diputado nacional electo por [&hellip;]<\/p>\n","protected":false},"author":5,"featured_media":2695,"comment_status":"open","ping_status":"open","sticky":false,"template":"","format":"standard","meta":[],"categories":[10],"tags":[],"_links":{"self":[{"href":"https:\/\/politicapatagonica.com\/index.php\/wp-json\/wp\/v2\/posts\/2694"}],"collection":[{"href":"https:\/\/politicapatagonica.com\/index.php\/wp-json\/wp\/v2\/posts"}],"about":[{"href":"https:\/\/politicapatagonica.com\/index.php\/wp-json\/wp\/v2\/types\/post"}],"author":[{"embeddable":true,"href":"https:\/\/politicapatagonica.com\/index.php\/wp-json\/wp\/v2\/users\/5"}],"replies":[{"embeddable":true,"href":"https:\/\/politicapatagonica.com\/index.php\/wp-json\/wp\/v2\/comments?post=2694"}],"version-history":[{"count":3,"href":"https:\/\/politicapatagonica.com\/index.php\/wp-json\/wp\/v2\/posts\/2694\/revisions"}],"predecessor-version":[{"id":2703,"href":"https:\/\/politicapatagonica.com\/index.php\/wp-json\/wp\/v2\/posts\/2694\/revisions\/2703"}],"wp:featuredmedia":[{"embeddable":true,"href":"https:\/\/politicapatagonica.com\/index.php\/wp-json\/wp\/v2\/media\/2695"}],"wp:attachment":[{"href":"https:\/\/politicapatagonica.com\/index.php\/wp-json\/wp\/v2\/media?parent=2694"}],"wp:term":[{"taxonomy":"category","embeddable":true,"href":"https:\/\/politicapatagonica.com\/index.php\/wp-json\/wp\/v2\/categories?post=2694"},{"taxonomy":"post_tag","embeddable":true,"href":"https:\/\/politicapatagonica.com\/index.php\/wp-json\/wp\/v2\/tags?post=2694"}],"curies":[{"name":"wp","href":"https:\/\/api.w.org\/{rel}","templated":true}]}}