{"id":2687,"date":"2023-11-17T15:06:04","date_gmt":"2023-11-17T15:06:04","guid":{"rendered":"https:\/\/politicapatagonica.com\/?p=2687"},"modified":"2023-11-17T16:36:24","modified_gmt":"2023-11-17T16:36:24","slug":"arcioni-dijo-que-en-estos-dias-enviara-a-legislatura-la-ley-de-ministerios-y-de-reestructuracion-de-deuda","status":"publish","type":"post","link":"https:\/\/politicapatagonica.com\/index.php\/2023\/11\/17\/arcioni-dijo-que-en-estos-dias-enviara-a-legislatura-la-ley-de-ministerios-y-de-reestructuracion-de-deuda\/","title":{"rendered":"Arcioni prometi\u00f3 &#8220;en estos d\u00edas&#8221; enviar a la Legislatura la Ley de Ministerios y de reestructuraci\u00f3n de deuda"},"content":{"rendered":"\n<p>El gobernador del Chubut, <strong>Mariano Arcioni<\/strong>, adelant\u00f3 que en &#8220;estos d\u00edas&#8221; enviar\u00e1 a Legislatura el <strong>proyecto de Ley de Ministerios y de restructuraci\u00f3n de la deuda<\/strong>. Tambi\u00e9n valor\u00f3 la transici\u00f3n &#8220;ordenada&#8221; con su sucesor, <strong>Ignacio &#8220;Nacho&#8221; Torres<\/strong>. <\/p>\n\n\n\n<p>El mandatario provincial destac\u00f3 la transici\u00f3n que se est\u00e1 llevando adelante con el gobernador electo, Ignacio Torres, y asegur\u00f3 que &#8220;desde un primer momento nos pusimos a disposici\u00f3n y estamos haciendo una transici\u00f3n como corresponde con los respetos institucionales. Y esta rendici\u00f3n de cuentas, m\u00e1s all\u00e1 de llegar a todos y cada uno de los ciudadanos, es tambi\u00e9n para que el equipo nuevo tenga todo este material y decidan si contin\u00faa con las pol\u00edticas del Estado&#8221;.&nbsp;<\/p>\n\n\n\n<p>&#8220;\u00c9l (por Nacho Torres) le va a dar la impronta a la gesti\u00f3n que \u00e9l quiere, pero nosotros <strong>tenemos la obligaci\u00f3n de brindarle absolutamente toda la informaci\u00f3n<\/strong>, sin mezquindad y con la total verdad. Mantuvimos muchas conversaciones y nos ha pedido y requerido ciertos proyectos de ley que necesitaba para comenzar su gesti\u00f3n, tambi\u00e9n trabajamos en forma conjunta con el presupuesto. En estos d\u00edas tambi\u00e9n estaremos enviando la nueva ley de ministerios, la de emergencia y de restructuraci\u00f3n de la deuda&#8221;, enumer\u00f3 el mandatario.\u00a0<\/p>\n\n\n\n<p>Record\u00f3 &#8220;qu\u00e9 f\u00e1cil hubiese sido si a nosotros nos hubieran tendido una mano, si nos hubi\u00e9semos sentado a hablar de reestructuraci\u00f3n de deuda, sabiendo que ten\u00edamos vencimientos muy grandes y en un contexto en el que ten\u00edamos muy pocos ingresos por diversos factores y nos costaba hacer frente, porque era un proceso muy complejo y no les import\u00f3, si total <strong>nos prend\u00edan fuego la provincia y nos insultaban<\/strong> a nosotros&#8221;.\u00a0<\/p>\n\n\n\n<p>&#8220;Esa pol\u00edtica no la quiero, yo entiendo que la pol\u00edtica es tratar de hacer todo lo posible para trabajar y lograr as\u00ed la dignidad general y el bienestar de todos los habitantes. Esa es la pol\u00edtica que voy a seguir haciendo a lo largo del tiempo y eso es lo que entendi\u00f3 cada uno de mis funcionarios. Hacer pol\u00edtica es escuchar a todos los sectores y llegar con una respuesta y con una planificaci\u00f3n&#8221;, explic\u00f3 Arcioni.&nbsp;<\/p>\n\n\n\n<p><strong>Informe<\/strong> <strong>agropecuario<\/strong><\/p>\n\n\n\n<p>El gobernador acompa\u00f1\u00f3 en Rawson al ministro de Agricultura, Ganader\u00eda, Industria y Comercio, <strong>Leandro Cavaco<\/strong>, en la presentaci\u00f3n del Informe de Gesti\u00f3n 2019-2023. Ante funcionarios, empresarios y productores de toda la provincia, en la exposici\u00f3n se hizo un balance de lo concretado en los \u00faltimos a\u00f1os en materia de planes, programas, acuerdos y asistencia t\u00e9cnica y financiera; as\u00ed como las gestiones encaradas con las dem\u00e1s provincias patag\u00f3nicas para impulsar el desarrollo integral de la regi\u00f3n.\u00a0<\/p>\n\n\n\n<p>En el acto, el mandatario remarc\u00f3 la importancia de las distintas presentaciones que se est\u00e1n llevando adelante y sostuvo que &#8220;como Gobierno tenemos la obligaci\u00f3n de rendir cuentas para mostrarle a la sociedad lo que se hizo, porque muchas veces en el d\u00eda a d\u00eda no se puede ver y es la primera vez que un gabinete lo hace&#8221;.&nbsp;<\/p>\n\n\n\n<p>&#8220;<strong>Hemos dejado las bases para poder seguir transitando un camino de desarrollo, de producci\u00f3n y de futuro<\/strong>. Yo me siento orgulloso de poder haber transitado este camino y les puedo asegurar que, con muchos sinsabores, porque nos toc\u00f3 en un momento dif\u00edcil, de una continuidad de una gesti\u00f3n con un peso pol\u00edtico muy fuerte, con una oposici\u00f3n muy agresiva que pensaba que me hac\u00eda da\u00f1o a m\u00ed, pero no, se lo hac\u00edan a todos los chubutenses&#8221;, se\u00f1al\u00f3 el mandatario provincial.\u00a0<\/p>\n\n\n\n<p>Reconoci\u00f3 que &#8220;todo hubiera sido mucho m\u00e1s f\u00e1cil si la pol\u00edtica hubiera acompa\u00f1ado en cada uno de los casos, si se hubieran sentado en una mesa de di\u00e1logo para solucionar los problemas que ten\u00edamos, porque <strong>la crisis financiera no vino de un d\u00eda para el otro<\/strong>, vino por unas secuencias de acciones que terminaron en una cat\u00e1strofe&#8221;.\u00a0<\/p>\n\n\n\n<p>&#8220;Parece que la adversidad pol\u00edtica es m\u00e1s fuerte que la crisis de toda la gente y lo hemos visto en la campa\u00f1a, cuando toda esta informaci\u00f3n estaba disponible para todos y cada uno de los candidatos a gobernador y lo \u00fanico que han hecho fueron insultar, agredir sin conocer la provincia&#8221;, detall\u00f3 Arcioni.&nbsp;<\/p>\n\n\n\n<p><strong>En busca del bienestar com\u00fan\u00a0<\/strong><\/p>\n\n\n\n<p>Siguiendo con la presentaci\u00f3n, el gobernador de Chubut mencion\u00f3 que &#8220;somos pocos los que sabemos por lo que atravesamos, en dejar nuestras cosas personales, a nuestras familias, muchas veces tener que callar cuando nos atacan&#8221;, y agreg\u00f3 que junto a sus funcionarios &#8220;esa es la pol\u00edtica que implementamos, la de trabajar para el bienestar y la dignidad general, no es la del agravio, del insulto, que es lo que hemos estado escuchando a lo largo de todo este tiempo y esto solo hizo que la grieta se vaya profundizando&#8221;.\u00a0<\/p>\n\n\n\n<p>&#8220;Uno puede estar de acuerdo o no con la forma de gobernar de alguien, pero es una persona, y detr\u00e1s de esa persona hay una familia, que tambi\u00e9n lo sufre. Y parece que ac\u00e1, faltar al respeto, insultar a la mayor\u00eda y mentir, es una constante. Seguimos trabajando como lo hemos hecho a lo largo de todo este tiempo, agachando la cabeza con muchos desaciertos, pero todos tenemos la tranquilidad de que <strong>este equipo ha dejado absolutamente todo con sinceridad, con responsabilidad, con honestidad, con templanza<\/strong>. Y nunca le hemos faltado el respeto a nadie&#8221;, sostuvo.\u00a0<\/p>\n\n\n\n<p>En al final del discurso, Arcioni asegur\u00f3 que &#8220;<strong>estamos dejando las bases s\u00f3lidas con pol\u00edticas p\u00fablicas claras para que se siga proyectando la provincia<\/strong>, porque toda esta materia de promoci\u00f3n en cada uno de los sectores no se ha hecho antes. Pero es as\u00ed como se trabaja, as\u00ed es como se gestiona y de este lado siempre van a tener todo, estuvimos acompa\u00f1ando a cada uno de los intendentes, a todos por igual, dando siempre todo lo que tuvimos a nuestro alcance e incluso a muchos intendentes de la oposici\u00f3n porque nosotros no los castigamos&#8221;.\u00a0<\/p>\n\n\n\n<p><strong>Fuente: www.elchubut.com.ar<\/strong><\/p>\n\n\n\n<p><\/p>\n","protected":false},"excerpt":{"rendered":"<p>El gobernador del Chubut, Mariano Arcioni, adelant\u00f3 que en &#8220;estos d\u00edas&#8221; enviar\u00e1 a Legislatura el proyecto de Ley de Ministerios y de restructuraci\u00f3n de la deuda. Tambi\u00e9n valor\u00f3 la transici\u00f3n &#8220;ordenada&#8221; con su sucesor, Ignacio &#8220;Nacho&#8221; Torres. El mandatario provincial destac\u00f3 la transici\u00f3n que se est\u00e1 llevando adelante con el gobernador electo, Ignacio Torres, y [&hellip;]<\/p>\n","protected":false},"author":5,"featured_media":2690,"comment_status":"open","ping_status":"open","sticky":false,"template":"","format":"standard","meta":[],"categories":[14],"tags":[],"_links":{"self":[{"href":"https:\/\/politicapatagonica.com\/index.php\/wp-json\/wp\/v2\/posts\/2687"}],"collection":[{"href":"https:\/\/politicapatagonica.com\/index.php\/wp-json\/wp\/v2\/posts"}],"about":[{"href":"https:\/\/politicapatagonica.com\/index.php\/wp-json\/wp\/v2\/types\/post"}],"author":[{"embeddable":true,"href":"https:\/\/politicapatagonica.com\/index.php\/wp-json\/wp\/v2\/users\/5"}],"replies":[{"embeddable":true,"href":"https:\/\/politicapatagonica.com\/index.php\/wp-json\/wp\/v2\/comments?post=2687"}],"version-history":[{"count":2,"href":"https:\/\/politicapatagonica.com\/index.php\/wp-json\/wp\/v2\/posts\/2687\/revisions"}],"predecessor-version":[{"id":2693,"href":"https:\/\/politicapatagonica.com\/index.php\/wp-json\/wp\/v2\/posts\/2687\/revisions\/2693"}],"wp:featuredmedia":[{"embeddable":true,"href":"https:\/\/politicapatagonica.com\/index.php\/wp-json\/wp\/v2\/media\/2690"}],"wp:attachment":[{"href":"https:\/\/politicapatagonica.com\/index.php\/wp-json\/wp\/v2\/media?parent=2687"}],"wp:term":[{"taxonomy":"category","embeddable":true,"href":"https:\/\/politicapatagonica.com\/index.php\/wp-json\/wp\/v2\/categories?post=2687"},{"taxonomy":"post_tag","embeddable":true,"href":"https:\/\/politicapatagonica.com\/index.php\/wp-json\/wp\/v2\/tags?post=2687"}],"curies":[{"name":"wp","href":"https:\/\/api.w.org\/{rel}","templated":true}]}}