{"id":2681,"date":"2023-11-17T14:29:53","date_gmt":"2023-11-17T14:29:53","guid":{"rendered":"https:\/\/politicapatagonica.com\/?p=2681"},"modified":"2023-11-17T15:00:25","modified_gmt":"2023-11-17T15:00:25","slug":"la-direccion-provincial-de-puertos-presento-su-proyeccion-economica-para-2024","status":"publish","type":"post","link":"https:\/\/politicapatagonica.com\/index.php\/2023\/11\/17\/la-direccion-provincial-de-puertos-presento-su-proyeccion-economica-para-2024\/","title":{"rendered":"La Direcci\u00f3n de Puertos de Tierra del Fuego present\u00f3 su proyecci\u00f3n econ\u00f3mica para 2024"},"content":{"rendered":"\n<p>Ante los legisladores y en el marco del an\u00e1lisis del proyecto de Ley de Presupuesto presentado por el Ejecutivo ante el Parlamento, el titular de la Direcci\u00f3n de Puertos de Tierra del Fuego, Roberto Murcia indic\u00f3 que la gesti\u00f3n de obras en el sector lo posiciona como \u201cun puerto estrat\u00e9gico en el Atl\u00e1ntico Sur\u201d. En este sentido,<strong> ponder\u00f3 la imagen de la terminal portuaria ante el mundo al nivel \u201cque hoy es una prueba elocuente de la cantidad de barcos que est\u00e1n ratificando a Ushuaia como destino\u201d.<\/strong><\/p>\n\n\n\n<p>Consultado sobre el arribo de embarcaciones y su impacto econ\u00f3mico, Murcia consider\u00f3 que <strong>\u201ces fundamental la entrada de divisas del Puerto\u201d <\/strong>toda vez que se considera un \u00e1rea log\u00edstica en Tierra del Fuego, al tiempo que se avecinan cerca de 590 recaladas para la temporada 2023-2024, entre buques de carga, pesca y turismo, dijo.<\/p>\n\n\n\n<p><strong>La llegada de divisas genera \u201cun derrame econ\u00f3mico, no solo para Ushuaia sino para toda la provincia\u201d, cerr\u00f3.<\/strong><\/p>\n\n\n\n<p>Tambi\u00e9n, resalt\u00f3 en su presentaci\u00f3n que la DPP \u201cposicion\u00f3 a la instituci\u00f3n portuaria en un marco econ\u00f3mico-productivo provincial y nacional\u201d y logr\u00f3 la consolidaci\u00f3n del sistema portuario integrado en cadenas productivas, log\u00edsticas y cient\u00edficas nacionales e internacionales y a la terminal mar\u00edtima de Ushuaia como la puerta de entrada a la Ant\u00e1rtida con la jerarquizaci\u00f3n de los servicios portuarios.<\/p>\n\n\n\n<p>Entre las obras ejecutadas resalt\u00f3<strong> la ampliaci\u00f3n del muelle local en 104 metros y 22 metros de muelle de cargas generales que cuenta con dos guinches el\u00e9ctricos para la descarga de mercanc\u00eda, lo que incrementa en un 20% la capacidad de operatividad<\/strong>.<\/p>\n\n\n\n<p><strong>Se espera concretar la ampliaci\u00f3n del muelle comercial y terminal de pasajeros <\/strong>con 1600 metros de obra, y una inversi\u00f3n de 2.900 millones de pesos. Tambi\u00e9n la terminal de pasajeros con 7900 metros de obras y la inversi\u00f3n de 37 millones de d\u00f3lares; la terminal de cargas y apoyo log\u00edstico ant\u00e1rtico y el recambio de defensas.<\/p>\n\n\n\n<p>En tanto,<strong> la comisi\u00f3n que preside el legislador Federico Sciurano<\/strong> esperaba recibir a integrantes de la Secretar\u00eda General, Legal y T\u00e9cnica del Gobierno fueguino y al <strong>presidente del Infuetur Dante Querciali,<\/strong> junto a su equipo t\u00e9cnico para presentar su presupuesto ante la Legislatura. <\/p>\n\n\n\n<p><strong>Fuente: www.surenio.com.ar<\/strong><\/p>\n","protected":false},"excerpt":{"rendered":"<p>Ante los legisladores y en el marco del an\u00e1lisis del proyecto de Ley de Presupuesto presentado por el Ejecutivo ante el Parlamento, el titular de la Direcci\u00f3n de Puertos de Tierra del Fuego, Roberto Murcia indic\u00f3 que la gesti\u00f3n de obras en el sector lo posiciona como \u201cun puerto estrat\u00e9gico en el Atl\u00e1ntico Sur\u201d. En [&hellip;]<\/p>\n","protected":false},"author":5,"featured_media":2682,"comment_status":"open","ping_status":"open","sticky":false,"template":"","format":"standard","meta":[],"categories":[11],"tags":[],"_links":{"self":[{"href":"https:\/\/politicapatagonica.com\/index.php\/wp-json\/wp\/v2\/posts\/2681"}],"collection":[{"href":"https:\/\/politicapatagonica.com\/index.php\/wp-json\/wp\/v2\/posts"}],"about":[{"href":"https:\/\/politicapatagonica.com\/index.php\/wp-json\/wp\/v2\/types\/post"}],"author":[{"embeddable":true,"href":"https:\/\/politicapatagonica.com\/index.php\/wp-json\/wp\/v2\/users\/5"}],"replies":[{"embeddable":true,"href":"https:\/\/politicapatagonica.com\/index.php\/wp-json\/wp\/v2\/comments?post=2681"}],"version-history":[{"count":3,"href":"https:\/\/politicapatagonica.com\/index.php\/wp-json\/wp\/v2\/posts\/2681\/revisions"}],"predecessor-version":[{"id":2689,"href":"https:\/\/politicapatagonica.com\/index.php\/wp-json\/wp\/v2\/posts\/2681\/revisions\/2689"}],"wp:featuredmedia":[{"embeddable":true,"href":"https:\/\/politicapatagonica.com\/index.php\/wp-json\/wp\/v2\/media\/2682"}],"wp:attachment":[{"href":"https:\/\/politicapatagonica.com\/index.php\/wp-json\/wp\/v2\/media?parent=2681"}],"wp:term":[{"taxonomy":"category","embeddable":true,"href":"https:\/\/politicapatagonica.com\/index.php\/wp-json\/wp\/v2\/categories?post=2681"},{"taxonomy":"post_tag","embeddable":true,"href":"https:\/\/politicapatagonica.com\/index.php\/wp-json\/wp\/v2\/tags?post=2681"}],"curies":[{"name":"wp","href":"https:\/\/api.w.org\/{rel}","templated":true}]}}