{"id":2330,"date":"2023-10-10T14:31:06","date_gmt":"2023-10-10T14:31:06","guid":{"rendered":"https:\/\/politicapatagonica.com\/?p=2330"},"modified":"2023-10-10T14:31:07","modified_gmt":"2023-10-10T14:31:07","slug":"gaido-y-figueroa-acordaron-trabajar-en-conjunto-y-defender-los-intereses-de-los-neuquinos","status":"publish","type":"post","link":"https:\/\/politicapatagonica.com\/index.php\/2023\/10\/10\/gaido-y-figueroa-acordaron-trabajar-en-conjunto-y-defender-los-intereses-de-los-neuquinos\/","title":{"rendered":"Gaido y Figueroa acordaron trabajar en conjunto y defender los intereses de los neuquinos"},"content":{"rendered":"\n<p><strong>Ayer, en la Municipalidad del Oeste, el intendente Mariano Gaido y el gobernador electo Rolando Figueroa mantuvieron una reuni\u00f3n en la que acordaron trabajar en conjunto por el bienestar de las y los neuquinos.<\/strong><\/p>\n\n\n\n<p>Posteriormente al encuentro hubo una conferencia de prensa donde Gaido afirm\u00f3 que <strong>\u201cla ciudad de Neuqu\u00e9n va a trabajar fuertemente para que Figueroa tenga una excelente gesti\u00f3n<\/strong>. Entendemos que el crecimiento tiene que ver con ponerse de acuerdo y llevar adelante el esfuerzo de cada uno para que cada proyecto sea resuelto, porque esto es una oportunidad para la ciudad y la provincia\u201d.<\/p>\n\n\n\n<p>En este marco, <strong>destac\u00f3 el contacto permanente<\/strong> con el gobernador electo a trav\u00e9s de encuentros y conversaciones y dijo que el objetivo es <strong>\u201ctrabajar en crecer, desarrollar y construir en un ciudad y provincia con esperanzas\u201d.<\/strong><\/p>\n\n\n\n<p>\u201cVenimos a dar todo nuestro apoyo para la gesti\u00f3n de Rolo y el acompa\u00f1amiento a su pol\u00edtica de Estado de la defensa y el crecimiento, <strong>para que cada neuquino y neuquina tenga sus derechos<\/strong>\u201d, expres\u00f3 a continuaci\u00f3n el intendente.<\/p>\n\n\n\n<p>\u201cEste encuentro para m\u00ed, en lo personal, era muy importante porque en un momento en el que la pol\u00edtica est\u00e1 dividida <strong>me parece fundamental brindarle este mensaje a los ciudadanos de Neuqu\u00e9n que hay forma de construir, hacer y desarrollar en conjunto y en equipo\u201d, resalt\u00f3 Gaido.<\/strong><\/p>\n\n\n\n<p>En este marco se\u00f1al\u00f3 que <strong>el trabajo con Figueroa se lleva adelante con \u201cuna mirada constructiva, de no p\u00e9rdida de tiempo y pensando un futuro en un pensamiento en com\u00fan que nos une\u201d.<\/strong><\/p>\n\n\n\n<p>Por otro lado, el intendente reiter\u00f3: \u201c<strong>Juntos garantizaremos que los recursos que correspondan a Neuqu\u00e9n <\/strong>y a la ciudad sean resguardados\u201d y para que no queden dudas afirm\u00f3 que \u201cacompa\u00f1aremos a Figueroa para que no venga nadie del gobierno nacional a tomar un peso que corresponda a los neuquinos\u201d.<\/p>\n\n\n\n<p>\u201cSiempre vamos a estar en defensa de los recursos de la provincia,<strong> y en mi caso particular acompa\u00f1ando al gobernador electo para que no se toque un solo peso\u201d, insisti\u00f3 luego.<\/strong><\/p>\n\n\n\n<p><strong>Figueroa agradeci\u00f3 la invitaci\u00f3n del intendente y el apoyo que brind\u00f3 el mandatario respecto a la ley del GL. \u201cVamos a tratarla hoy en comisi\u00f3n<\/strong>. Es un salto muy importante porque es una proyecci\u00f3n de los futuros a\u00f1os de nuestra provincia\u201d, dijo.<\/p>\n\n\n\n<p>\u201cTambi\u00e9n vine para acordar lo que necesita la ciudad en los pr\u00f3ximos a\u00f1os\u201d, asegur\u00f3<strong> Figueroa, tras se\u00f1alar que \u201ces importante que no perdamos tiempo y en el proceso de transici\u00f3n ya comencemos a trabajar en buscar soluciones para gran parte de los habitantes de nuestra provincia\u201d.<\/strong><\/p>\n\n\n\n<p>Asimismo el gobernador electo asegur\u00f3 que \u201c<strong>con Mariano tenemos mucho en com\u00fan<\/strong> y estamos presentando un trabajo en conjunto para brindar tambi\u00e9n un mensaje claro a la ciudadan\u00eda de que tenemos la certeza de que debemos trabajar codo a codo presentando todo lo que necesita la ciudad. Adem\u00e1s, compartiendo visiones pol\u00edticas que se van a presentar incluso m\u00e1s all\u00e1 del \u00e1mbito institucional\u201d.<\/p>\n\n\n\n<p>\u201cEstoy muy contento del recibimiento que nos hizo Mariano con todo su equipo, estoy convencido que la forma de trabajar es en conjunto\u201d, plante\u00f3 y agreg\u00f3 que <strong>para la matriz de obras que est\u00e1n diagramadas para la provincia siempre hay que buscar fuentes de financiamiento y pudimos acordar con Mariano una visi\u00f3n estrat\u00e9gica en busca de elegir las que son m\u00e1s importantes para la ciudad.<\/strong> Y se puede hacer gracias a que este es un municipio ordenado\u201d.<\/p>\n\n\n\n<p><strong>Fuente: www.diarioneuquen.com.ar<\/strong><\/p>\n","protected":false},"excerpt":{"rendered":"<p>Ayer, en la Municipalidad del Oeste, el intendente Mariano Gaido y el gobernador electo Rolando Figueroa mantuvieron una reuni\u00f3n en la que acordaron trabajar en conjunto por el bienestar de las y los neuquinos. Posteriormente al encuentro hubo una conferencia de prensa donde Gaido afirm\u00f3 que \u201cla ciudad de Neuqu\u00e9n va a trabajar fuertemente para [&hellip;]<\/p>\n","protected":false},"author":5,"featured_media":2331,"comment_status":"open","ping_status":"open","sticky":false,"template":"","format":"standard","meta":[],"categories":[9],"tags":[],"_links":{"self":[{"href":"https:\/\/politicapatagonica.com\/index.php\/wp-json\/wp\/v2\/posts\/2330"}],"collection":[{"href":"https:\/\/politicapatagonica.com\/index.php\/wp-json\/wp\/v2\/posts"}],"about":[{"href":"https:\/\/politicapatagonica.com\/index.php\/wp-json\/wp\/v2\/types\/post"}],"author":[{"embeddable":true,"href":"https:\/\/politicapatagonica.com\/index.php\/wp-json\/wp\/v2\/users\/5"}],"replies":[{"embeddable":true,"href":"https:\/\/politicapatagonica.com\/index.php\/wp-json\/wp\/v2\/comments?post=2330"}],"version-history":[{"count":1,"href":"https:\/\/politicapatagonica.com\/index.php\/wp-json\/wp\/v2\/posts\/2330\/revisions"}],"predecessor-version":[{"id":2332,"href":"https:\/\/politicapatagonica.com\/index.php\/wp-json\/wp\/v2\/posts\/2330\/revisions\/2332"}],"wp:featuredmedia":[{"embeddable":true,"href":"https:\/\/politicapatagonica.com\/index.php\/wp-json\/wp\/v2\/media\/2331"}],"wp:attachment":[{"href":"https:\/\/politicapatagonica.com\/index.php\/wp-json\/wp\/v2\/media?parent=2330"}],"wp:term":[{"taxonomy":"category","embeddable":true,"href":"https:\/\/politicapatagonica.com\/index.php\/wp-json\/wp\/v2\/categories?post=2330"},{"taxonomy":"post_tag","embeddable":true,"href":"https:\/\/politicapatagonica.com\/index.php\/wp-json\/wp\/v2\/tags?post=2330"}],"curies":[{"name":"wp","href":"https:\/\/api.w.org\/{rel}","templated":true}]}}