{"id":1873,"date":"2023-08-17T13:34:59","date_gmt":"2023-08-17T13:34:59","guid":{"rendered":"https:\/\/politicapatagonica.com\/?p=1873"},"modified":"2023-08-17T13:35:01","modified_gmt":"2023-08-17T13:35:01","slug":"en-santa-cruz-tambien-criticaron-la-propuesta-de-javier-milei-de-privatizar-el-conicet","status":"publish","type":"post","link":"https:\/\/politicapatagonica.com\/index.php\/2023\/08\/17\/en-santa-cruz-tambien-criticaron-la-propuesta-de-javier-milei-de-privatizar-el-conicet\/","title":{"rendered":"En Santa Cruz tambi\u00e9n criticaron la propuesta de Javier Milei de privatizar el CONICET"},"content":{"rendered":"\n<p>Este mi\u00e9rcoles, la\u00a0<strong>comunidad cient\u00edfica<\/strong>\u00a0se manifest\u00f3 en contra de la propuesta del diputado y candidato a presidente por La Libertad Avanza,\u00a0<strong>Javier Milei<\/strong>, que adelant\u00f3 que en caso de ser electo iba a\u00a0<strong>privatizar el CONICET<\/strong>.<\/p>\n\n\n\n<p>En\u00a0<strong>Santa Cruz<\/strong>, el tema<strong>\u00a0no pas\u00f3 desapercibido<\/strong>. Tanto el decano de la\u00a0<strong>UTN<\/strong>\u00a0(Universidad Tecnol\u00f3gica Nacional),\u00a0<strong>Sebasti\u00e1n Puig<\/strong>, como el vocal del\u00a0<strong>CITEC<\/strong>\u00a0(Instituto Provincial de Ciencia, Tecnolog\u00eda e Innovaci\u00f3n), docente e investigador CONICET,\u00a0<strong>Leandro Socolovsky<\/strong>, cuestionaron -entrevistados por\u00a0<strong>La Opini\u00f3n Austral<\/strong>&#8211; la medida del candidato.<\/p>\n\n\n\n<p>Para el decano de la\u00a0<strong>UTN regional Santa Cruz<\/strong>, lo que est\u00e1 proponiendo\u00a0<strong>Milei\u00a0<\/strong>con el\u00a0<strong>CONICET<\/strong>, como as\u00ed tambi\u00e9n con la eliminaci\u00f3n de ministerios como el de salud, educaci\u00f3n, etc. tiene el fin de &#8220;<strong>romper todo<\/strong>&#8221; ya que &#8220;<strong>no es solo privatizar<\/strong>, sino<strong>\u00a0desarmar todo el sistema de investigaci\u00f3n<\/strong>&#8221; y acot\u00f3: &#8220;U<strong>na naci\u00f3n que no tiene ciencia y t\u00e9cnica<\/strong>,\u00a0<strong>no tiene futuro<\/strong>&#8220;.<\/p>\n\n\n\n<p>Tambi\u00e9n subray\u00f3 que Argentina Integra el peque\u00f1o grupo de pa\u00edses que construyen sat\u00e9lites. &#8220;Los\u00a0<strong>vectores<\/strong>\u00a0(cohetes) que se lanzaron en la localidad de Ver\u00f3nica, durante el gobierno de\u00a0<strong>Cristina<\/strong>\u00a0(<strong>Fern\u00e1ndez<\/strong>), cuando lleg\u00f3 el\u00a0<strong>macrismo<\/strong>,\u00a0<strong>abandonaron el programa<\/strong>; regresamos y los volvimos a poner en funcionamiento; ahora,\u00a0<strong>arranca la misma historia<\/strong>&#8220;, alert\u00f3.<\/p>\n\n\n\n<p>Puig tambi\u00e9n consider\u00f3 que &#8220;<strong>ser\u00eda suicida un plan de ese tipo<\/strong>&#8221; y no dud\u00f3 en sostener que &#8220;responde a los\u00a0<strong>intereses de la derecha que viene a romper la patria grande<\/strong>\u00a0en post de\u00a0<strong>quedarse con los recursos naturales<\/strong>&#8220;. Asegur\u00f3 que es &#8220;la\u00a0<strong>entrega de la soberan\u00eda<\/strong>, porque eso<strong>\u00a0nos deja en un nivel de dependencia muy malo<\/strong>&#8220;. Y calific\u00f3 como &#8220;<strong>paup\u00e9rrima<\/strong>&#8220;, la propuesta de los voucher educativos: &#8220;<strong>es algo pat\u00e9tico e impracticable<\/strong>&#8220;.<\/p>\n\n\n\n<p>Finalmente, inform\u00f3 que este mi\u00e9rcoles en la UTN, todas las agrupaciones pol\u00edticas coincidieron en la defensa de la educaci\u00f3n p\u00fablica.<\/p>\n\n\n\n<p>&#8220;Desv\u00eda la atenci\u00f3n&#8221;<\/p>\n\n\n\n<p>Por su parte,\u00a0<strong>Leandro Socolovsky<\/strong>, asegur\u00f3 que Milei larga estas bombas de efecto para que &#8220;todos vayamos detr\u00e1s corriendo, se mete a prop\u00f3sito con algo que tiene un buen concepto&#8221;, y a\u00f1adi\u00f3: &#8220;Existe un consenso en la poblaci\u00f3n sobre la investigaci\u00f3n cient\u00edfica, no es un tema de discusi\u00f3n y Milei lo hace para\u00a0<strong>no discutir cosas reales como decir c\u00f3mo va a resolver los salarios<\/strong>, la\u00a0<strong>inflaci\u00f3n<\/strong>&#8220;, en s\u00edntesis: &#8220;<strong>Desv\u00eda la atenci\u00f3n<\/strong>&#8220;.<\/p>\n\n\n\n<p>El referente de La Libertad Avanza &#8220;<strong>hace como el tero<\/strong>; sabe que\u00a0<strong>todos van a salir a hablar del tema<\/strong>\u00a0como cuando dijo lo del\u00a0<strong>peaje en las calles<\/strong>, la\u00a0<strong>venta de \u00f3rganos<\/strong>\u2026Creo que el problema es lo que encubre: el proyecto de pa\u00eds que propone que no tiene mucha diferencia con lo que propone (<strong>Patricia<\/strong>)<strong>\u00a0Bullrich<\/strong>; si uno lee el\u00a0<strong>detalle fino<\/strong>, lo que est\u00e1 diciendo es\u00a0<strong>terminar derechos laborales<\/strong>, la\u00a0<strong>asistencia del estado<\/strong>, las\u00a0<strong>pol\u00edticas p\u00fablicas<\/strong>&#8220;, alert\u00f3.<\/p>\n\n\n\n<p>En definitiva, &#8220;es lo mismo pero un poco m\u00e1s exc\u00e9ntrico&#8221; sostuvo el investigador y agreg\u00f3: &#8220;Va a recurrir a lo que hizo el gobierno de\u00a0<strong>Macri<\/strong>, el<strong>\u00a0recorte de la investigaci\u00f3n<\/strong>, c<strong>ancelar los programas de desarrollo tecnol\u00f3gico<\/strong>\u00a0como el\u00a0<strong>ARSAT\u00a0<\/strong>que<strong>\u00a0lanz\u00f3 los sat\u00e9lites\u00a0<\/strong>de comunicaciones,\u00a0 con\u00a0<strong>resultados econ\u00f3mico buenos<\/strong>, presupuesto superavitaria&#8221; pero &#8220;cuando lleg\u00f3 el macrismo\u00a0<strong>se descontinu\u00f3 los programas<\/strong>\u00a0y\u00a0<strong>se busc\u00f3 la forma de entregar esos sat\u00e9lites a empresas norteamericanas<\/strong>&#8221; y a\u00f1adi\u00f3: &#8220;Probablemente el camino de Milei sea el mismo. Algo<strong>\u00a0similar al menemismo<\/strong>&#8220;.\u00a0 Al respecto,\u00a0<strong>Socolovscky<\/strong>\u00a0afirm\u00f3: &#8220;Creo que\u00a0<strong>dice barbaridades para que le salgan a responderle en masa<\/strong>\u00a0y no me parece que sea ah\u00ed donde se tiene que dar el debate; es como dec\u00eda Menem: &#8216;s<strong>i dec\u00edamos lo que \u00edbamos a hacer<\/strong>,<strong>\u00a0no nos votaba nadie<\/strong>&#8216;&#8221;, expres\u00f3.<\/p>\n\n\n\n<p>Cr\u00edticas<\/p>\n\n\n\n<p>Cabe destacar que tambi\u00e9n este mi\u00e9rcoles el que salieron al cruce de la propuesta de Milei fueron el ministro de Ciencia, Tecnolog\u00eda e Innovaci\u00f3n,\u00a0<strong>Daniel Filmus<\/strong>; la titular del CONICET\u00a0<strong>Ana Franchi<\/strong>, titular del CONICET; y el cient\u00edfico\u00a0<strong>Roberto Salvarezza<\/strong>. En primer lugar, Filmus se\u00f1al\u00f3 que &#8220;<strong>no hay posibilidad de desarrollo de un pa\u00eds sino no invierte en la universidad<\/strong>, en\u00a0<strong>ciencia y tecnolog\u00eda<\/strong>&#8220;, marc\u00f3 Filmus y agreg\u00f3 que &#8220;la capacidad de la Argentina de exportar ciencia y tecnolog\u00eda lo que va a evitar es que, por ejemplo, estemos rezando por si no llueve para que no tengamos sequ\u00eda&#8221;.<\/p>\n\n\n\n<p><strong>Franchi<\/strong>\u00a0puntualiz\u00f3 que &#8220;<strong>no hay pa\u00eds desarrollado que no invierta en ciencia y tecnolog\u00eda<\/strong>&#8221; y que &#8220;tenemos c<strong>asi 30 mil personas en el CONICET\u00a0<\/strong>en<strong>\u00a0todo el pa\u00eds<\/strong>\u00a0y en todas las disciplinas. Es una fortaleza para un pa\u00eds. De pa\u00edses muy desarrollados permanentemente vienen a buscar a j\u00f3venes nuestros para que vayan a trabajar a esos lugares&#8221;.\u00a0<strong>Salvarezza<\/strong>, por su parte, expres\u00f3 que &#8220;lo que hace Milei es\u00a0<strong>exhumar viejas propuestas de los 90&#8242;<\/strong>. Esto es (<strong>Domingo<\/strong>)<strong>\u00a0Cavallo<\/strong>&#8220;. &#8220;Hoy, en el siglo XXI, \u00bf<strong>Qu\u00e9 pa\u00eds desarrollado no apuesta al conocimiento<\/strong>, a la<strong>\u00a0ciencia<\/strong>, a la<strong>\u00a0tecnolog\u00eda<\/strong>, a\u00a0<strong>innovar<\/strong>?&#8221;.<\/p>\n\n\n\n<p><strong>Fuente: www.laopinionaustral.com.ar<\/strong><\/p>\n","protected":false},"excerpt":{"rendered":"<p>Este mi\u00e9rcoles, la\u00a0comunidad cient\u00edfica\u00a0se manifest\u00f3 en contra de la propuesta del diputado y candidato a presidente por La Libertad Avanza,\u00a0Javier Milei, que adelant\u00f3 que en caso de ser electo iba a\u00a0privatizar el CONICET. En\u00a0Santa Cruz, el tema\u00a0no pas\u00f3 desapercibido. Tanto el decano de la\u00a0UTN\u00a0(Universidad Tecnol\u00f3gica Nacional),\u00a0Sebasti\u00e1n Puig, como el vocal del\u00a0CITEC\u00a0(Instituto Provincial de Ciencia, Tecnolog\u00eda [&hellip;]<\/p>\n","protected":false},"author":5,"featured_media":1874,"comment_status":"open","ping_status":"open","sticky":false,"template":"","format":"standard","meta":[],"categories":[8],"tags":[],"_links":{"self":[{"href":"https:\/\/politicapatagonica.com\/index.php\/wp-json\/wp\/v2\/posts\/1873"}],"collection":[{"href":"https:\/\/politicapatagonica.com\/index.php\/wp-json\/wp\/v2\/posts"}],"about":[{"href":"https:\/\/politicapatagonica.com\/index.php\/wp-json\/wp\/v2\/types\/post"}],"author":[{"embeddable":true,"href":"https:\/\/politicapatagonica.com\/index.php\/wp-json\/wp\/v2\/users\/5"}],"replies":[{"embeddable":true,"href":"https:\/\/politicapatagonica.com\/index.php\/wp-json\/wp\/v2\/comments?post=1873"}],"version-history":[{"count":1,"href":"https:\/\/politicapatagonica.com\/index.php\/wp-json\/wp\/v2\/posts\/1873\/revisions"}],"predecessor-version":[{"id":1875,"href":"https:\/\/politicapatagonica.com\/index.php\/wp-json\/wp\/v2\/posts\/1873\/revisions\/1875"}],"wp:featuredmedia":[{"embeddable":true,"href":"https:\/\/politicapatagonica.com\/index.php\/wp-json\/wp\/v2\/media\/1874"}],"wp:attachment":[{"href":"https:\/\/politicapatagonica.com\/index.php\/wp-json\/wp\/v2\/media?parent=1873"}],"wp:term":[{"taxonomy":"category","embeddable":true,"href":"https:\/\/politicapatagonica.com\/index.php\/wp-json\/wp\/v2\/categories?post=1873"},{"taxonomy":"post_tag","embeddable":true,"href":"https:\/\/politicapatagonica.com\/index.php\/wp-json\/wp\/v2\/tags?post=1873"}],"curies":[{"name":"wp","href":"https:\/\/api.w.org\/{rel}","templated":true}]}}