{"id":1864,"date":"2023-08-16T14:56:30","date_gmt":"2023-08-16T14:56:30","guid":{"rendered":"https:\/\/politicapatagonica.com\/?p=1864"},"modified":"2023-08-16T17:00:24","modified_gmt":"2023-08-16T17:00:24","slug":"el-gobierno-durmio-tres-anos-tiene-dos-meses-para-revertir-esto","status":"publish","type":"post","link":"https:\/\/politicapatagonica.com\/index.php\/2023\/08\/16\/el-gobierno-durmio-tres-anos-tiene-dos-meses-para-revertir-esto\/","title":{"rendered":"&#8220;El gobierno durmi\u00f3 tres a\u00f1os, tiene dos meses para revertir esto&#8221;, advirtieron desde ATE La Pampa"},"content":{"rendered":"\n<p>La secretaria general de ATE,&nbsp;<strong>Roxana Rechimont,&nbsp;<\/strong>no se mostr\u00f3 sorprendida por el resultado electoral del domingo pasado y<strong>&nbsp;responsabiliz\u00f3 al gobierno nacional que &#8220;dormit\u00f3 tres a\u00f1os y medio&#8221; con pol\u00edticas que &#8220;no respondieron a las necesidades del pueblo y los trabajadores&#8221;<\/strong>. Dijo que tienen &#8220;dos meses&#8221; para revertir esa situaci\u00f3n porque sino &#8220;vamos a tener un presidente nefasto y odiante de los trabajadores&#8221;.&nbsp;<strong>&#8220;Ya sabemos c\u00f3mo termina eso&#8221;, alert\u00f3.<\/strong><\/p>\n\n\n\n<p><strong><em>-\u00bfQu\u00e9 opinan del resultado de las PASO, con Javier Milei como el candidato presidencial m\u00e1s votado, alguien que fustiga a los sindicatos?<\/em><\/strong><\/p>\n\n\n\n<p>-Es la misma posici\u00f3n que tiene con los derechos en general. Es el derecho a organizarse, tener paritaria y un trabajo digno. No nos sorprendi\u00f3 (el resultado), fue muy triste. El gobierno subestim\u00f3 a estos sectores fascistas y de derecha. El resultado no es solo un llamado de atenci\u00f3n.&nbsp;<strong>Tienen que revertir una pol\u00edtica, si no tienen un plan para eso, esto va a ser grave y lo va a seguir pagando el pueblo. Ya nos pas\u00f3<\/strong>.<\/p>\n\n\n\n<p>Sabemos que tenemos metido al FMI por la pol\u00edtica empresarial del presidente anterior. Estamos pagando esos costos. Lo vamos a tener cien a\u00f1os m\u00e1s, embargaron la vida de los argentinos por cien a\u00f1os. En ese marco, si estas personas llegan al poder van a destruir todo, los sindicatos, los derechos, vamos a tener una educaci\u00f3n p\u00fabica privatizada. Vamos a tener de presidente un tipo que no fue jam\u00e1s a laburar y odia a la clase obrera, es una persona odiante. Es esperar el garrote.<\/p>\n\n\n\n<p><strong><em>-\u00bfCarg\u00e1s las tintas sobre el gobierno en vez de sobre el votante de Javier Milei?<\/em><\/strong><\/p>\n\n\n\n<p><strong>-Ni los trabajadores ni el pueblo tiene la culpa de la inacci\u00f3n del gobierno. Tuvimos pruebas de las pol\u00edticas que lleva adelante la derecha, pero despu\u00e9s este gobierno, tambi\u00e9n atravesado por la pandemia, no respondi\u00f3 a las necesidades del pueblo y los trabajadores.<\/strong>&nbsp;Tenemos paritarias con techo. No se dio respuesta a los jubilados y a las jubiladas. Ni a los trabajadores independientes. Entonces el pueblo reaccion\u00f3 en contra de este gobierno, est\u00e1 cansado, harto. Si esto no se revierte vamos a tener un panorama oscuro en octubre. Y nos puede gobernar un personaje nefasto, odiante del pueblo y de la clase obrera, de los estudiantes. Sabemos en qu\u00e9 va a terminar.<\/p>\n\n\n\n<p><strong><em>-\u00bfTiene tiempo de revertir eso el gobierno?<\/em><\/strong><\/p>\n\n\n\n<p><strong>-Dos meses. Dormitaron tres a\u00f1os y medio.<\/strong>&nbsp;Ac\u00e1, lo dijo el gobernador, el \u00fanico responsable es el gobierno y tendr\u00e1 que sacar un programa para recuperar esos votos, a los que no fueron a votar. No funcion\u00f3, no lleg\u00f3 d\u00f3nde tiene que llegar. Es el an\u00e1lisis que todos los pol\u00edticos tienen que hacer.<\/p>\n\n\n\n<p><strong><em>La negociaci\u00f3n paritaria<\/em><\/strong><\/p>\n\n\n\n<p>Por otra parte, la dirigente sindical explic\u00f3 que<strong>&nbsp;el gobierno provincial en la reuni\u00f3n paritaria del pasado martes &#8220;no se corri\u00f3&#8221; del reclamo de los gremios de sostener las cl\u00e1usulas gatillo mensuales y acumulativas, sin sumas en negro ni montos fijos,<\/strong>&nbsp;con el prop\u00f3sito de que los sueldos no queden por debajo de la l\u00ednea de pobreza.<\/p>\n\n\n\n<p><strong>&#8220;Eso es positivo, y dieron una propuesta responsable por tres meses por la situaci\u00f3n actual de variaci\u00f3n inflacionaria&#8221;,<\/strong>&nbsp;dijo. Sin embargo, explic\u00f3 que la paritaria pas\u00f3 a un cuarto intermedio porque los gremios reclamaron tratar el resto de los 18 puntos del temario de la paritaria que se aprob\u00f3 a principio de a\u00f1o, y no limitarse a la pauta salarial de tres meses. &#8220;Hay que tratarlo, aunque den todas las excusas y contesten negativamente. Despu\u00e9s nosotros veremos qu\u00e9 hacemos con eso&#8221;, acot\u00f3.<\/p>\n\n\n\n<p><strong>-Los gremios docentes pidieron mejorar la primera cuota como gesto de buena voluntad ante la devaluaci\u00f3n del 22% del lunes pasado.<\/strong><\/p>\n\n\n\n<p>-Estamos regidos por el INDEC y sabemos que los n\u00fameros a nivel nacional son mentirosos. Con la devaluaci\u00f3n perdimos un 22% del valor del sueldo.&nbsp;<strong>Pero si tuvieran la voluntad de reconocer el 14% que perdimos en el 2020, cuando nos hicieron pagar la crisis a los trabajadores, y terminaran el pasaje del blanqueo y la readecuaci\u00f3n de las categor\u00edas, hablar\u00edamos de una recuperaci\u00f3n del salario.<\/strong>&nbsp;Las compa\u00f1eras de Utelpa piden eso porque tienen todos los \u00edtems en blanco.<\/p>\n\n\n\n<p><strong><em>-\u00bfEsos acuerdos compensar\u00edan?<\/em><\/strong><\/p>\n\n\n\n<p>-Recuperar\u00edamos salario. Si no, ante el aumento de todo, medicamentos, insumos b\u00e1sicos, es imposible. Esa propuesta (del gobierno) sola, es muy poco.<\/p>\n\n\n\n<p><strong><em>-\u00bfC\u00f3mo recibieron la advertencia del gobierno de que si cambia el signo pol\u00edtico en las elecciones no pueden garantizar el bono de fin de a\u00f1o ni las cl\u00e1usulas gatillo?<\/em><\/strong><\/p>\n\n\n\n<p>-Entendemos que la coparticipaci\u00f3n nacional est\u00e1 bajando, lo sabemos.<strong>&nbsp;Pero la responsabilidad de eso no es nuestra, es del gobierno. No se soluciona atacando lo m\u00e1s d\u00e9bil, que es el salario.<\/strong>&nbsp;Es m\u00e1s amplia la cuesti\u00f3n. Tendr\u00e1n que implementar otras pol\u00edticas.<\/p>\n\n\n\n<p><strong>Fuente: www.eldiariodelapampa.com.ar<\/strong><\/p>\n\n\n\n<p><\/p>\n","protected":false},"excerpt":{"rendered":"<p>La secretaria general de ATE,&nbsp;Roxana Rechimont,&nbsp;no se mostr\u00f3 sorprendida por el resultado electoral del domingo pasado y&nbsp;responsabiliz\u00f3 al gobierno nacional que &#8220;dormit\u00f3 tres a\u00f1os y medio&#8221; con pol\u00edticas que &#8220;no respondieron a las necesidades del pueblo y los trabajadores&#8221;. Dijo que tienen &#8220;dos meses&#8221; para revertir esa situaci\u00f3n porque sino &#8220;vamos a tener un presidente [&hellip;]<\/p>\n","protected":false},"author":5,"featured_media":1865,"comment_status":"open","ping_status":"open","sticky":false,"template":"","format":"standard","meta":[],"categories":[10],"tags":[],"_links":{"self":[{"href":"https:\/\/politicapatagonica.com\/index.php\/wp-json\/wp\/v2\/posts\/1864"}],"collection":[{"href":"https:\/\/politicapatagonica.com\/index.php\/wp-json\/wp\/v2\/posts"}],"about":[{"href":"https:\/\/politicapatagonica.com\/index.php\/wp-json\/wp\/v2\/types\/post"}],"author":[{"embeddable":true,"href":"https:\/\/politicapatagonica.com\/index.php\/wp-json\/wp\/v2\/users\/5"}],"replies":[{"embeddable":true,"href":"https:\/\/politicapatagonica.com\/index.php\/wp-json\/wp\/v2\/comments?post=1864"}],"version-history":[{"count":2,"href":"https:\/\/politicapatagonica.com\/index.php\/wp-json\/wp\/v2\/posts\/1864\/revisions"}],"predecessor-version":[{"id":1869,"href":"https:\/\/politicapatagonica.com\/index.php\/wp-json\/wp\/v2\/posts\/1864\/revisions\/1869"}],"wp:featuredmedia":[{"embeddable":true,"href":"https:\/\/politicapatagonica.com\/index.php\/wp-json\/wp\/v2\/media\/1865"}],"wp:attachment":[{"href":"https:\/\/politicapatagonica.com\/index.php\/wp-json\/wp\/v2\/media?parent=1864"}],"wp:term":[{"taxonomy":"category","embeddable":true,"href":"https:\/\/politicapatagonica.com\/index.php\/wp-json\/wp\/v2\/categories?post=1864"},{"taxonomy":"post_tag","embeddable":true,"href":"https:\/\/politicapatagonica.com\/index.php\/wp-json\/wp\/v2\/tags?post=1864"}],"curies":[{"name":"wp","href":"https:\/\/api.w.org\/{rel}","templated":true}]}}