{"id":1857,"date":"2023-08-15T14:03:29","date_gmt":"2023-08-15T14:03:29","guid":{"rendered":"https:\/\/politicapatagonica.com\/?p=1857"},"modified":"2023-08-15T15:07:02","modified_gmt":"2023-08-15T15:07:02","slug":"elecciones-paso-en-tierra-del-fuego","status":"publish","type":"post","link":"https:\/\/politicapatagonica.com\/index.php\/2023\/08\/15\/elecciones-paso-en-tierra-del-fuego\/","title":{"rendered":"Las elecciones PASO en Tierra del Fuego colocaron a UxP en segundo lugar detr\u00e1s de Javier Milei"},"content":{"rendered":"\n<p>En una elecci\u00f3n signada por la <strong>falta de informaci\u00f3n previa al comicio<\/strong> por parte de la Justicia Electoral Nacional, la <strong>desorganizaci\u00f3n en las escuelas<\/strong>, en donde en algunas mesas result\u00f3 muy dif\u00edcil identificar las boletas en los improvisados exhibidores verticales de pl\u00e1stico y la impl\u00edcita restricci\u00f3n al electorado que deseaba cortar boleta al no suministrarle tijera, regla o cuando menos una superficie para apoyar el papel, los fueguinos fueron a votar.<\/p>\n\n\n\n<p><br><strong>Contrariamente a lo ocurrido a nivel nacional, en donde Uni\u00f3n por la Patria ocup\u00f3 el tercer lugar en el orden de preferencias de los electores, en Tierra del Fuego ese frente \u2013 con la representaci\u00f3n de la candidata a diputada nacional y actual legisladora, Andrea Freites \u2013 se posicion\u00f3 en el segundo puesto, antes que Juntos por el Cambio y despu\u00e9s de Javier Milei, que se impuso con holgura en todo el pa\u00eds.<\/strong><\/p>\n\n\n\n<p><br>Las dificultades para ejercer el derecho de cortar boleta influy\u00f3 evidentemente de manera considerable en fuerzas pol\u00edticas locales, como la de Somos Fueguinos, con la abogada <strong>Liliana \u201cChispita\u201d Fadul<\/strong> como candidata a diputada nacional a la cabeza, quien termin\u00f3 ocupando un cuarto lugar pero con los votos suficientes para seguir participando en octubre.<\/p>\n\n\n\n<p><br><strong>El precandidato provincial evangelista Santiago Pauli, <\/strong>como le gusta presentarse, al haberse impuesto La Libertad Avanza de punta a punta del pa\u00eds, <strong>se vio ampliamente beneficiado. Los votos que colocaron a Javier Milei en lo m\u00e1s alto de la grilla <\/strong>entre quienes en dos meses m\u00e1s se disputar\u00e1n la presidencia de la Naci\u00f3n<strong> tambi\u00e9n lo convirtieron a \u00e9l en candidato oficialmente en carrera a diputado nacional por la provincia.<\/strong><\/p>\n\n\n\n<p><br>En cuanto a <strong>Juntos por el Cambio<\/strong>, el precandidato <strong>Federico Frigerio<\/strong>, apalancado por la referente Patricia Bullrich termin\u00f3 por imponerse sobre Oscar Rubinos, quien acompa\u00f1aba en la boleta a Horacio Rodr\u00edguez Larreta. La derrota del actual jefe de la Ciudad Aut\u00f3noma de Buenos Aires termin\u00f3 por arrastrar \u2013 como consecuencia tambi\u00e9n de la velada acci\u00f3n u omisi\u00f3n de la Justicia Electoral para informar e ilustrar sobre la posibilidad de cortar boleta \u2013 al referente ushuaiense.<\/p>\n\n\n\n<p><br>Esta semana se conocer\u00e1 con mayor detalle y an\u00e1lisis los resultados de una jornada electoral en la que qued\u00f3 flotando la incertidumbre de si los resultados conocidos hasta ahora en una primera instancia son o no fiel reflejo de la voluntad de la ciudadan\u00eda.<\/p>\n\n\n\n<p><strong>Fuente: www.diarioprensa.com.ar<\/strong><\/p>\n","protected":false},"excerpt":{"rendered":"<p>En una elecci\u00f3n signada por la falta de informaci\u00f3n previa al comicio por parte de la Justicia Electoral Nacional, la desorganizaci\u00f3n en las escuelas, en donde en algunas mesas result\u00f3 muy dif\u00edcil identificar las boletas en los improvisados exhibidores verticales de pl\u00e1stico y la impl\u00edcita restricci\u00f3n al electorado que deseaba cortar boleta al no suministrarle [&hellip;]<\/p>\n","protected":false},"author":5,"featured_media":1858,"comment_status":"open","ping_status":"open","sticky":false,"template":"","format":"standard","meta":[],"categories":[11],"tags":[],"_links":{"self":[{"href":"https:\/\/politicapatagonica.com\/index.php\/wp-json\/wp\/v2\/posts\/1857"}],"collection":[{"href":"https:\/\/politicapatagonica.com\/index.php\/wp-json\/wp\/v2\/posts"}],"about":[{"href":"https:\/\/politicapatagonica.com\/index.php\/wp-json\/wp\/v2\/types\/post"}],"author":[{"embeddable":true,"href":"https:\/\/politicapatagonica.com\/index.php\/wp-json\/wp\/v2\/users\/5"}],"replies":[{"embeddable":true,"href":"https:\/\/politicapatagonica.com\/index.php\/wp-json\/wp\/v2\/comments?post=1857"}],"version-history":[{"count":3,"href":"https:\/\/politicapatagonica.com\/index.php\/wp-json\/wp\/v2\/posts\/1857\/revisions"}],"predecessor-version":[{"id":1863,"href":"https:\/\/politicapatagonica.com\/index.php\/wp-json\/wp\/v2\/posts\/1857\/revisions\/1863"}],"wp:featuredmedia":[{"embeddable":true,"href":"https:\/\/politicapatagonica.com\/index.php\/wp-json\/wp\/v2\/media\/1858"}],"wp:attachment":[{"href":"https:\/\/politicapatagonica.com\/index.php\/wp-json\/wp\/v2\/media?parent=1857"}],"wp:term":[{"taxonomy":"category","embeddable":true,"href":"https:\/\/politicapatagonica.com\/index.php\/wp-json\/wp\/v2\/categories?post=1857"},{"taxonomy":"post_tag","embeddable":true,"href":"https:\/\/politicapatagonica.com\/index.php\/wp-json\/wp\/v2\/tags?post=1857"}],"curies":[{"name":"wp","href":"https:\/\/api.w.org\/{rel}","templated":true}]}}