{"id":1854,"date":"2023-08-15T13:28:47","date_gmt":"2023-08-15T13:28:47","guid":{"rendered":"https:\/\/politicapatagonica.com\/?p=1854"},"modified":"2023-08-15T13:28:49","modified_gmt":"2023-08-15T13:28:49","slug":"omar-gutierrez-no-me-tomo-por-sorpresa-el-resultado-de-las-paso","status":"publish","type":"post","link":"https:\/\/politicapatagonica.com\/index.php\/2023\/08\/15\/omar-gutierrez-no-me-tomo-por-sorpresa-el-resultado-de-las-paso\/","title":{"rendered":"Omar Guti\u00e9rrez: &#8220;No me tom\u00f3 por sorpresa el resultado de las PASO&#8221;"},"content":{"rendered":"\n<p><strong>El gobernador de Neuqu\u00e9n, Omar Guti\u00e9rrez,<\/strong>\u00a0asegur\u00f3 que <strong>no lo tom\u00f3 &#8220;por sorpresa&#8221; el resultado de las PASO<\/strong> en las que, en la provincia patag\u00f3nica, el candidato a presidente de <strong>La Libertad Avanza (LLA), Javier Milei, obtuvo el 39,04%<\/strong> de los votos.<\/p>\n\n\n\n<p>&#8220;Hace 10 d\u00edas que ve\u00eda que iba a pasar lo que pas\u00f3.\u00a0<strong>Es lo que uno ve en la calle, el olfato, la percepci\u00f3n.<\/strong>\u00a0As\u00ed que a m\u00ed no me tom\u00f3 por sorpresa&#8221;, expres\u00f3 el mandatario provincial en una conferencia de prensa en la Casa de Gobierno, tras la presentaci\u00f3n de un programa de financiamiento para MiPyMes de Neuqu\u00e9n.<\/p>\n\n\n\n<p>Guti\u00e9rrez manifest\u00f3 que Milei<strong>\u00a0&#8220;es una realidad en la pol\u00edtica&#8221;<\/strong>\u00a0y agreg\u00f3 que &#8220;para todos aquellos que pensaban que era una advertencia, es un hecho consolidado&#8221;.<\/p>\n\n\n\n<p>&#8220;Me parece que\u00a0<strong>los resultados son bastantes homog\u00e9neos en el pa\u00eds,\u00a0<\/strong>que es un claro mensaje tambi\u00e9n a la dirigencia&#8221;, opin\u00f3 el gobernador y se\u00f1al\u00f3 que &#8220;es una nueva etapa y una nueva \u00e9poca; independientemente de lo que pase en octubre ya no hay m\u00e1s dos, y obviamente que habr\u00e1 que ver c\u00f3mo transitan las estrategias electorales en las cuales todas van a sufrir modificaciones&#8221;.<\/p>\n\n\n\n<p>Sobre los resultados obtenidos por el Movimiento Popular Neuquino, que particip\u00f3 con dos listas cortas, s\u00f3lo parlamentarias, Guti\u00e9rrez asegur\u00f3 que\u00a0<strong>&#8220;hemos hecho una elecci\u00f3n m\u00e1s que aceptable&#8221;<\/strong>.<\/p>\n\n\n\n<p>&#8220;Nosotros vamos solamente con categor\u00eda electoral a diputado nacional y\u00a0<strong>hemos sacado casi el 10% de los votos&#8221;,<\/strong>\u00a0destac\u00f3.<\/p>\n\n\n\n<p>Se\u00f1al\u00f3 que &#8220;hay mucho por hacer, mucho por trabajar, porque nosotros nos presentamos en inferioridad competitiva, pero asumimos el desaf\u00edo de ser la \u00fanica\u00a0<strong>fuerza libre, independiente, aut\u00f3noma, 100% provincial&#8221;<\/strong>.<\/p>\n\n\n\n<p>Guti\u00e9rrez indic\u00f3 que<strong>\u00a0&#8220;nuestros candidatos de las dos listas se van a reunir, van a poder amalgamar, coordinar, integrar las propuestas&#8221;,\u00a0<\/strong>y les sugiri\u00f3 que &#8220;se sienten con cada uno de los candidatos a presidentes y presenten nuestra propuesta para el desarrollo de Neuqu\u00e9n para que ya con anticipaci\u00f3n, sea quien sea el presidente, se conozca adecuadamente cu\u00e1l es la propuesta del ADN desarrollista de la provincia&#8221;.<\/p>\n\n\n\n<p>Adem\u00e1s, el gobernador neuquino destac\u00f3\u00a0<strong>la &#8220;alt\u00edsima participaci\u00f3n&#8221; del pueblo neuquino (75,41%),<\/strong>\u00a0y manifest\u00f3 que &#8220;Neuqu\u00e9n es un ejemplo de participaci\u00f3n democr\u00e1tica&#8221;.<\/p>\n\n\n\n<p>Se\u00f1al\u00f3 que &#8220;en la transici\u00f3n de este proceso electoral y en la recta final de la asunci\u00f3n de las nuevas autoridades se requieren y exigen consensos y acuerdos, porque <strong>el mapa pol\u00edtico ideol\u00f3gico en esta foto ha quedado dividido en tres tercios,\u00a0entre 30 y 27%<\/strong>&#8220;.<\/p>\n\n\n\n<p>En la provincia de Neuqu\u00e9n, con el 98,26% de las mesas escrutadas,\u00a0<strong>La Libertad Avanza obtuvo el 39,04% de los votos, mientras que Juntos por el Cambio logr\u00f3 el 22,82% de los sufragios y Uni\u00f3n por la Patria el 19,76%.<\/strong><\/p>\n\n\n\n<p><strong>Fuente: www.telam.com.ar<\/strong><a href=\"javascript:void(0);\"><\/a><\/p>\n","protected":false},"excerpt":{"rendered":"<p>El gobernador de Neuqu\u00e9n, Omar Guti\u00e9rrez,\u00a0asegur\u00f3 que no lo tom\u00f3 &#8220;por sorpresa&#8221; el resultado de las PASO en las que, en la provincia patag\u00f3nica, el candidato a presidente de La Libertad Avanza (LLA), Javier Milei, obtuvo el 39,04% de los votos. &#8220;Hace 10 d\u00edas que ve\u00eda que iba a pasar lo que pas\u00f3.\u00a0Es lo que [&hellip;]<\/p>\n","protected":false},"author":5,"featured_media":1855,"comment_status":"open","ping_status":"open","sticky":false,"template":"","format":"standard","meta":[],"categories":[9],"tags":[],"_links":{"self":[{"href":"https:\/\/politicapatagonica.com\/index.php\/wp-json\/wp\/v2\/posts\/1854"}],"collection":[{"href":"https:\/\/politicapatagonica.com\/index.php\/wp-json\/wp\/v2\/posts"}],"about":[{"href":"https:\/\/politicapatagonica.com\/index.php\/wp-json\/wp\/v2\/types\/post"}],"author":[{"embeddable":true,"href":"https:\/\/politicapatagonica.com\/index.php\/wp-json\/wp\/v2\/users\/5"}],"replies":[{"embeddable":true,"href":"https:\/\/politicapatagonica.com\/index.php\/wp-json\/wp\/v2\/comments?post=1854"}],"version-history":[{"count":1,"href":"https:\/\/politicapatagonica.com\/index.php\/wp-json\/wp\/v2\/posts\/1854\/revisions"}],"predecessor-version":[{"id":1856,"href":"https:\/\/politicapatagonica.com\/index.php\/wp-json\/wp\/v2\/posts\/1854\/revisions\/1856"}],"wp:featuredmedia":[{"embeddable":true,"href":"https:\/\/politicapatagonica.com\/index.php\/wp-json\/wp\/v2\/media\/1855"}],"wp:attachment":[{"href":"https:\/\/politicapatagonica.com\/index.php\/wp-json\/wp\/v2\/media?parent=1854"}],"wp:term":[{"taxonomy":"category","embeddable":true,"href":"https:\/\/politicapatagonica.com\/index.php\/wp-json\/wp\/v2\/categories?post=1854"},{"taxonomy":"post_tag","embeddable":true,"href":"https:\/\/politicapatagonica.com\/index.php\/wp-json\/wp\/v2\/tags?post=1854"}],"curies":[{"name":"wp","href":"https:\/\/api.w.org\/{rel}","templated":true}]}}