{"id":1847,"date":"2023-08-15T12:49:02","date_gmt":"2023-08-15T12:49:02","guid":{"rendered":"https:\/\/politicapatagonica.com\/?p=1847"},"modified":"2023-08-15T12:49:03","modified_gmt":"2023-08-15T12:49:03","slug":"santa-cruz-despues-de-32-anos-el-kirchnerismo-deja-la-gobernacion-de-la-provincia","status":"publish","type":"post","link":"https:\/\/politicapatagonica.com\/index.php\/2023\/08\/15\/santa-cruz-despues-de-32-anos-el-kirchnerismo-deja-la-gobernacion-de-la-provincia\/","title":{"rendered":"Santa Cruz: Despu\u00e9s de 32 a\u00f1os, el kirchnerismo deja la Gobernaci\u00f3n de la provincia"},"content":{"rendered":"\n<p>Relegado a un <strong>tercer lugar qued\u00f3 el kirchnerismo<\/strong> en las recientes Primarias Abiertas Simult\u00e1neas y Obligatorias (<strong>PASO<\/strong>) que se celebraron el domingo en nuestro pa\u00eds, donde se impuso el diputado <strong>Javier Milei<\/strong>. Pero ese indicio de p\u00e9rdida de fuerza del grupo gobernante tuvo otro ingrediente complejo: el triunfo de <strong>Claudio Vidal<\/strong> (43) en <strong>Santa Cruz<\/strong>. Esto, porque la provincia es la <strong>cuna del Kirchnerismo<\/strong>, donde hoy tambi\u00e9n se evidencia la crisis de liderazgo tras no hallar un sucesor para su legado pol\u00edtico en la zona, que <strong>termina luego de 32 a\u00f1os<\/strong>.<\/p>\n\n\n\n<p>Poco m\u00e1s de <strong>10 a\u00f1os tard\u00f3 Claudio Vidal en pasar de combativo delegado petrolero en Las Heras a gobernador<\/strong> electo en Santa Cruz, tras imponerse por casi mil votos. En su discurso de cierre de campa\u00f1a, el pasado jueves en Caleta Olivia, Vidal ya hab\u00eda terminado por conquistar a varios en el polo petrolero que lo vio nacer.<\/p>\n\n\n\n<p>&#8220;Hablamos de terminar con lo que est\u00e1 mal, un estado colapsado, lleno de malos vicios en donde gobierna la corrupci\u00f3n, donde claramente trabajan para unos pocos en perjuicio de la totalidad. Se tiene que terminar&#8221;, sostuvo el ahora gobernador electo.<\/p>\n\n\n\n<p>\u00bfPero qui\u00e9n es Claudio Vidal? Seg\u00fan detallan los medios, Vidal naci\u00f3, de hecho, en la pol\u00edtica con el Kirchnerismo. Fund\u00f3 en 2018 el <strong>partido SER<\/strong> desde el coraz\u00f3n del sindicato petrolero que dirige desde 2013. En 2019 fue candidato a gobernador dentro del <strong>Frente de Todos <\/strong>y aport\u00f3 su caudal de votos para darle la <strong>reelecci\u00f3n a<\/strong> <strong>Alicia Kirchner<\/strong>. En esa elecci\u00f3n, su fuerza pol\u00edtica obtuvo tres diputados provinciales, un intendente y concejales, de apoco su partida empezaba a ser mucho mas que una expresi\u00f3n de deseos.<\/p>\n\n\n\n<p><strong>Hasta julio de 2021 fue un aliado estrat\u00e9gico del kirchnerismo, sin embargo a partir de esa elecci\u00f3n sus caminos del kirchnerismo empezaron a separarse.<\/strong><\/p>\n\n\n\n<p>Luego de ejercer varios empleos, Vidal ingres\u00f3 al rubro petrolero, para luego ser designado en una empresa en Las Heras; all\u00ed lider\u00f3 una protesta y se comenz\u00f3 a hacer conocido, al punto de que en 2013 apost\u00f3 pro desafiar la conducci\u00f3n hist\u00f3rica y <strong>gan\u00f3 la interna del Sindicato Petroleros y Gas Privado de Santa Cruz<\/strong>, convirti\u00e9ndose en secretario general hasta hoy.<\/p>\n\n\n\n<p>Desde ese cargo de liderazgo, sus acciones sociales comenzaron a marcar presencia en toda la provincia. Tras ganar su primera elecci\u00f3n interna en el sindicato, decidi\u00f3 dar un paso a la pol\u00edtica de Santa Cruz, y en 2018 convoc\u00f3 al exgobernador <strong>Sergio Acevedo<\/strong>, como su mentor y consejero pol\u00edtico. Acevedo cuenta con una abultada trayectoria pol\u00edtica: fue intendente, diputado provincial, diputado nacional, vicegobernador y gobernador de Santa Cruz entre 2003 y 2006 a\u00f1o que renunci\u00f3 enemistado con los Kirchner.<\/p>\n\n\n\n<p>Ya para 2021, Vidal contaban con un importante caudal pol\u00edtico en las localidades petroleras, pero tambi\u00e9n construy\u00f3 espacios de poder en la Cuenca Carbon\u00edfera donde tiene sede la empresa Yacimientos Carbon\u00edferos R\u00edo Turbio. &#8220;Ambas localidades, en las que siempre se impon\u00eda el Kirchnerismo, en los \u00faltimos a\u00f1os empezaron a encontrar en \u00e9l un referente&#8221;, detalla el diario La Naci\u00f3n.<\/p>\n\n\n\n<p>Aunque el gobernador electo se define como un peronista, eligi\u00f3 a un radical como compa\u00f1ero de formula,<strong> Fabi\u00e1n Leguizam\u00f3n<\/strong>, quien posee un historial en R\u00edo Gallegos y se convirti\u00f3 en la pata que Vidal necesitaba para su capital pol\u00edtico en Santa Cruz. Tras ganar la elecci\u00f3n, abraz\u00f3 a Leguizam\u00f3n y convoc\u00f3 &#8220;a cerrar las grietas, por eso estamos aqu\u00ed un peronista y un radical&#8221;. Adem\u00e1s, prometi\u00f3 convocar a todos para gobernar, aunque aclar\u00f3 que quiere &#8220;gente nueva, honesta y con sentido com\u00fan&#8221;.<\/p>\n\n\n\n<p><strong>Fuente: www.emol.com <\/strong><\/p>\n","protected":false},"excerpt":{"rendered":"<p>Relegado a un tercer lugar qued\u00f3 el kirchnerismo en las recientes Primarias Abiertas Simult\u00e1neas y Obligatorias (PASO) que se celebraron el domingo en nuestro pa\u00eds, donde se impuso el diputado Javier Milei. Pero ese indicio de p\u00e9rdida de fuerza del grupo gobernante tuvo otro ingrediente complejo: el triunfo de Claudio Vidal (43) en Santa Cruz. [&hellip;]<\/p>\n","protected":false},"author":5,"featured_media":1848,"comment_status":"open","ping_status":"open","sticky":false,"template":"","format":"standard","meta":[],"categories":[8],"tags":[],"_links":{"self":[{"href":"https:\/\/politicapatagonica.com\/index.php\/wp-json\/wp\/v2\/posts\/1847"}],"collection":[{"href":"https:\/\/politicapatagonica.com\/index.php\/wp-json\/wp\/v2\/posts"}],"about":[{"href":"https:\/\/politicapatagonica.com\/index.php\/wp-json\/wp\/v2\/types\/post"}],"author":[{"embeddable":true,"href":"https:\/\/politicapatagonica.com\/index.php\/wp-json\/wp\/v2\/users\/5"}],"replies":[{"embeddable":true,"href":"https:\/\/politicapatagonica.com\/index.php\/wp-json\/wp\/v2\/comments?post=1847"}],"version-history":[{"count":1,"href":"https:\/\/politicapatagonica.com\/index.php\/wp-json\/wp\/v2\/posts\/1847\/revisions"}],"predecessor-version":[{"id":1849,"href":"https:\/\/politicapatagonica.com\/index.php\/wp-json\/wp\/v2\/posts\/1847\/revisions\/1849"}],"wp:featuredmedia":[{"embeddable":true,"href":"https:\/\/politicapatagonica.com\/index.php\/wp-json\/wp\/v2\/media\/1848"}],"wp:attachment":[{"href":"https:\/\/politicapatagonica.com\/index.php\/wp-json\/wp\/v2\/media?parent=1847"}],"wp:term":[{"taxonomy":"category","embeddable":true,"href":"https:\/\/politicapatagonica.com\/index.php\/wp-json\/wp\/v2\/categories?post=1847"},{"taxonomy":"post_tag","embeddable":true,"href":"https:\/\/politicapatagonica.com\/index.php\/wp-json\/wp\/v2\/tags?post=1847"}],"curies":[{"name":"wp","href":"https:\/\/api.w.org\/{rel}","templated":true}]}}