{"id":1839,"date":"2023-08-14T15:43:41","date_gmt":"2023-08-14T15:43:41","guid":{"rendered":"https:\/\/politicapatagonica.com\/?p=1839"},"modified":"2023-08-14T16:02:57","modified_gmt":"2023-08-14T16:02:57","slug":"lorena-villaverde-la-candidata-a-diputada-mas-votada-en-rio-negro-viajare-a-reunirme-con-milei","status":"publish","type":"post","link":"https:\/\/politicapatagonica.com\/index.php\/2023\/08\/14\/lorena-villaverde-la-candidata-a-diputada-mas-votada-en-rio-negro-viajare-a-reunirme-con-milei\/","title":{"rendered":"Lorena Villaverde, la candidata a diputada m\u00e1s votada en R\u00edo Negro: &#8220;Viajar\u00e9 a reunirme con Milei&#8221;"},"content":{"rendered":"\n<p><strong>Lorena Villaverde, la candidata a diputada por el partido FE que integr\u00f3 la lista de Javier Milei (La Libertad Avanza)<\/strong>, se pronunci\u00f3 emocionada y agradecida tras conocer los resultados de las Elecciones PASO 2023 en R\u00edo Negro. En una entrevista con R\u00cdO NEGRO RADIO,<strong> comparti\u00f3 sus impresiones sobre el triunfo con gran respaldo de los votantes y su visi\u00f3n para impulsar un cambio en la provincia.<\/strong><\/p>\n\n\n\n<p><strong>&#8220;Me queda voz y me queda sue\u00f1o, pero ac\u00e1 estamos. Quiero agradecer a Dios, militantes, amigos, votantes y a los medios que hicieron esto posible&#8221;<\/strong>, expres\u00f3 Villaverde, resaltando la colaboraci\u00f3n y apoyo que recibi\u00f3 de diferentes sectores.<\/p>\n\n\n\n<p>La candidata destac\u00f3 la confianza que los ciudadanos rionegrinos depositaron en La Libertad Avanza y en Javier Milei, l\u00edder de la agrupaci\u00f3n.&nbsp;<strong>&#8220;La gente conf\u00eda en Javier Milei porque no les va a fallar y en m\u00ed porque sabe que yo voy a votar las leyes que \u00e9l proponga&#8221;<\/strong>, afirm\u00f3, enfatizando la alineaci\u00f3n de su enfoque legislativo con la plataforma de libertad y cambio que propone Milei.<\/p>\n\n\n\n<p>Villaverde abord\u00f3 temas cr\u00edticos para la provincia, como la inseguridad y la educaci\u00f3n. En cuanto a un posible triunfo y primeras labores parlamentarias, hizo hincapi\u00e9 en que la<strong>&nbsp;inseguridad requiere legislaci\u00f3n y no solo declaraciones, y mencion\u00f3 la propuesta del voucher educativo como una forma de empoderar a los padres para elegir la educaci\u00f3n de sus hijos.<\/strong><\/p>\n\n\n\n<p>&#8220;Hay que acabar con el nefasto \u2018zaffaronismo\u2019 y puerta giratoria de los delincuentes. Hay que bajar los costos pol\u00edticos de los privilegios de la casta y tener la determinaci\u00f3n de ser un pueblo con educaci\u00f3n.<strong>&nbsp;Nuestros j\u00f3venes no van a la escuela y est\u00e1n en situaciones de \u2018no trabajo\u2019. El voucher educativo es repartir el 5% del PBI, en un cheque para los padres para que elijan donde mandar a sus hijos<\/strong>&#8220;, dijo.<\/p>\n\n\n\n<p>La candidata tambi\u00e9n se\u00f1al\u00f3 su compromiso con la lucha contra la crisis que afecta a la provincia y a todo el pa\u00eds.&nbsp;<strong>&#8220;El rionegrino me vot\u00f3 con la esperanza como el motor por la cual se transforme la Argentina y se salga de esta crisis econ\u00f3mica y social&#8221;<\/strong>, afirm\u00f3. Enfatiz\u00f3 la posibilidad de un cambio de rumbo y una pol\u00edtica distinta que podr\u00eda marcar un giro positivo para R\u00edo Negro.<\/p>\n\n\n\n<p><strong>&#8220;El decir de Javier [Milei] de que viene a despertar leones, de verdad que lo somos y no viene a despertar corderitos para llevarnos de un lado para el otro. Y la familia rionegrina fue con la mam\u00e1, el pap\u00e1, el abuelo, la abuela y los nietos&#8221;,&nbsp;<\/strong>respondi\u00f3 la candidata a diputada por R\u00edo Negro, ante las presunciones de obtener y captar s\u00f3lo el voto joven.<\/p>\n\n\n\n<p>En relaci\u00f3n a su campa\u00f1a y estrategia, Villaverde subray\u00f3 la confianza en sus propios n\u00fameros y proyecciones, haciendo hincapi\u00e9 en la firmeza de su propuesta y la receptividad que encontr\u00f3 entre los votantes.<strong> &#8220;Ten\u00edamos las encuestadoras compradas por el poder, por la casta, en contra de los valores de Javier [Milei]. Nosotros ten\u00edamos n\u00fameros que arrojaban este resultado&#8221;<\/strong>, afirm\u00f3 y asegur\u00f3 que confiaban en el triunfo.<\/p>\n\n\n\n<p>Al concluir, Villaverde comparti\u00f3 sus planes futuros, incluyendo su viaje a Buenos Aires para reunirse con el equipo de trabajo de Milei en La Libertad Avanza.<strong>&nbsp;La candidata reafirm\u00f3 su compromiso con el cambio y la esperanza en R\u00edo Negro,&nbsp;<\/strong>expresando su &#8220;determinaci\u00f3n de llevar adelante una pol\u00edtica transformadora en beneficio de la provincia y sus ciudadanos&#8221;.<\/p>\n\n\n\n<p><strong>Fuente: www.rionegro.com.ar<\/strong><\/p>\n","protected":false},"excerpt":{"rendered":"<p>Lorena Villaverde, la candidata a diputada por el partido FE que integr\u00f3 la lista de Javier Milei (La Libertad Avanza), se pronunci\u00f3 emocionada y agradecida tras conocer los resultados de las Elecciones PASO 2023 en R\u00edo Negro. En una entrevista con R\u00cdO NEGRO RADIO, comparti\u00f3 sus impresiones sobre el triunfo con gran respaldo de los [&hellip;]<\/p>\n","protected":false},"author":5,"featured_media":1840,"comment_status":"open","ping_status":"open","sticky":false,"template":"","format":"standard","meta":[],"categories":[13],"tags":[],"_links":{"self":[{"href":"https:\/\/politicapatagonica.com\/index.php\/wp-json\/wp\/v2\/posts\/1839"}],"collection":[{"href":"https:\/\/politicapatagonica.com\/index.php\/wp-json\/wp\/v2\/posts"}],"about":[{"href":"https:\/\/politicapatagonica.com\/index.php\/wp-json\/wp\/v2\/types\/post"}],"author":[{"embeddable":true,"href":"https:\/\/politicapatagonica.com\/index.php\/wp-json\/wp\/v2\/users\/5"}],"replies":[{"embeddable":true,"href":"https:\/\/politicapatagonica.com\/index.php\/wp-json\/wp\/v2\/comments?post=1839"}],"version-history":[{"count":3,"href":"https:\/\/politicapatagonica.com\/index.php\/wp-json\/wp\/v2\/posts\/1839\/revisions"}],"predecessor-version":[{"id":1846,"href":"https:\/\/politicapatagonica.com\/index.php\/wp-json\/wp\/v2\/posts\/1839\/revisions\/1846"}],"wp:featuredmedia":[{"embeddable":true,"href":"https:\/\/politicapatagonica.com\/index.php\/wp-json\/wp\/v2\/media\/1840"}],"wp:attachment":[{"href":"https:\/\/politicapatagonica.com\/index.php\/wp-json\/wp\/v2\/media?parent=1839"}],"wp:term":[{"taxonomy":"category","embeddable":true,"href":"https:\/\/politicapatagonica.com\/index.php\/wp-json\/wp\/v2\/categories?post=1839"},{"taxonomy":"post_tag","embeddable":true,"href":"https:\/\/politicapatagonica.com\/index.php\/wp-json\/wp\/v2\/tags?post=1839"}],"curies":[{"name":"wp","href":"https:\/\/api.w.org\/{rel}","templated":true}]}}