{"id":1836,"date":"2023-08-14T13:26:48","date_gmt":"2023-08-14T13:26:48","guid":{"rendered":"https:\/\/politicapatagonica.com\/?p=1836"},"modified":"2023-08-14T15:58:02","modified_gmt":"2023-08-14T15:58:02","slug":"claudio-vidal-es-el-gobernador-electo-de-santa-cruz","status":"publish","type":"post","link":"https:\/\/politicapatagonica.com\/index.php\/2023\/08\/14\/claudio-vidal-es-el-gobernador-electo-de-santa-cruz\/","title":{"rendered":"Claudio Vidal es el gobernador electo de Santa Cruz"},"content":{"rendered":"\n<p><strong>El diputado nacional y secretario general del sindicato petrolero, Claudio Vidal, se impuso como nuevo gobernador electo de Santa Cruz, con el 73 por ciento de las mesas escrutadas en el marco del lento escrutinio que continuaba esta madrugada en la provincia, a ra\u00edz del sistema de lemas y la multiplicidad de boletas y candidatos.<\/strong><\/p>\n\n\n\n<p>El lema &#8220;Por Santa Cruz&#8221; obtuvo un 46,49 %, lo que signific\u00f3&nbsp;72.958&nbsp;votos. Sus competidores Pablo Grasso y Javier Belloni reconocieron la derrota.<\/p>\n\n\n\n<p>En di\u00e1logo exclusivo con Tiempo FM, Vidal antes de hablar en el escenario, indic\u00f3 que &#8220;estamos agradecidos de la gente, del equipo de trabajo. Ahora hay que trabajar&#8221;.<\/p>\n\n\n\n<p>Vidal sostuvo que &#8220;las encuestas nos marcaban ganando las elecciones, hab\u00eda un p\u00e1lpito. Aunque fue una elecci\u00f3n muy sucia&#8221;, lament\u00f3.&nbsp;<\/p>\n\n\n\n<p><strong>&#8220;Salud, trabajo, desarrollo, producci\u00f3n&#8221;, ser\u00e1n los ejes del gobernador electo<\/strong><\/p>\n\n\n\n<p>A la hora de tomar la palabra frente a la militancia, Vidal indic\u00f3 que pasada la madrugada se segu\u00edan contando votos. <strong>&#8220;Agradezco a todos los dirigentes pol\u00edticos por haber tenido la capacidad de dejar la mezquindad, apostar a la unidad y a generar consensos. No es f\u00e1cil consensuar en la provincia. Empieza un camino distinto y estoy convencido de que vamos a seguir adelante. Esto se genera cuando hay intenciones de trabajar por los dem\u00e1s&#8221;, sostuvo.<\/strong><\/p>\n\n\n\n<p>&#8220;Queremos terminar con la famosa grieta que divide un pueblo. Entre todos trabajando en poner de pie la provincia&#8221; continu\u00f3.&nbsp;&nbsp;<\/p>\n\n\n\n<p><strong>&#8220;Soy un trabajador y quiero poner de pie la provincia&#8221; afirm\u00f3.<\/strong>&nbsp;<\/p>\n\n\n\n<p>&#8220;La propuesta del equipo de trabajo es desarrollar la provincia, fortalecer la educaci\u00f3n. Esto no es un discurso de campa\u00f1a. Estamos convencidos que debe suceder una modificaci\u00f3n severa en muchos sectores&#8221;, enfatiz\u00f3.<\/p>\n\n\n\n<p><strong>Fuente: www.tiemposur.com.ar<\/strong><\/p>\n","protected":false},"excerpt":{"rendered":"<p>El diputado nacional y secretario general del sindicato petrolero, Claudio Vidal, se impuso como nuevo gobernador electo de Santa Cruz, con el 73 por ciento de las mesas escrutadas en el marco del lento escrutinio que continuaba esta madrugada en la provincia, a ra\u00edz del sistema de lemas y la multiplicidad de boletas y candidatos. [&hellip;]<\/p>\n","protected":false},"author":5,"featured_media":1837,"comment_status":"open","ping_status":"open","sticky":false,"template":"","format":"standard","meta":[],"categories":[8],"tags":[],"_links":{"self":[{"href":"https:\/\/politicapatagonica.com\/index.php\/wp-json\/wp\/v2\/posts\/1836"}],"collection":[{"href":"https:\/\/politicapatagonica.com\/index.php\/wp-json\/wp\/v2\/posts"}],"about":[{"href":"https:\/\/politicapatagonica.com\/index.php\/wp-json\/wp\/v2\/types\/post"}],"author":[{"embeddable":true,"href":"https:\/\/politicapatagonica.com\/index.php\/wp-json\/wp\/v2\/users\/5"}],"replies":[{"embeddable":true,"href":"https:\/\/politicapatagonica.com\/index.php\/wp-json\/wp\/v2\/comments?post=1836"}],"version-history":[{"count":2,"href":"https:\/\/politicapatagonica.com\/index.php\/wp-json\/wp\/v2\/posts\/1836\/revisions"}],"predecessor-version":[{"id":1843,"href":"https:\/\/politicapatagonica.com\/index.php\/wp-json\/wp\/v2\/posts\/1836\/revisions\/1843"}],"wp:featuredmedia":[{"embeddable":true,"href":"https:\/\/politicapatagonica.com\/index.php\/wp-json\/wp\/v2\/media\/1837"}],"wp:attachment":[{"href":"https:\/\/politicapatagonica.com\/index.php\/wp-json\/wp\/v2\/media?parent=1836"}],"wp:term":[{"taxonomy":"category","embeddable":true,"href":"https:\/\/politicapatagonica.com\/index.php\/wp-json\/wp\/v2\/categories?post=1836"},{"taxonomy":"post_tag","embeddable":true,"href":"https:\/\/politicapatagonica.com\/index.php\/wp-json\/wp\/v2\/tags?post=1836"}],"curies":[{"name":"wp","href":"https:\/\/api.w.org\/{rel}","templated":true}]}}