{"id":1833,"date":"2023-08-11T15:27:00","date_gmt":"2023-08-11T15:27:00","guid":{"rendered":"https:\/\/politicapatagonica.com\/?p=1833"},"modified":"2023-08-11T15:27:01","modified_gmt":"2023-08-11T15:27:01","slug":"la-tarifa-de-agua-en-ushuaia-aumentara-mas-de-100-por-ciento-en-dos-tramos","status":"publish","type":"post","link":"https:\/\/politicapatagonica.com\/index.php\/2023\/08\/11\/la-tarifa-de-agua-en-ushuaia-aumentara-mas-de-100-por-ciento-en-dos-tramos\/","title":{"rendered":"La tarifa de agua en Ushuaia aumentar\u00e1 m\u00e1s de 100 por ciento, en dos tramos"},"content":{"rendered":"\n<p>Un <strong>58% de aumento<\/strong> sufrir\u00e1n las boletas del suministro de agua de red de la Direcci\u00f3n Provincial de Obras Sanitarias (DPOSS) en septiembre, mientras que otro <strong>24,6% se adicionar\u00e1 a partir de octubre<\/strong>, totalizando un <strong>100,6% de incremento para los usuarios de Ushuaia y Tolhuin<\/strong>.<\/p>\n\n\n\n<p>El ajuste se aplicar\u00e1 a todas las categor\u00edas de usuarios y constituye -si se tiene en cuenta la coyuntura- un <strong>incremento menor a la inflaci\u00f3n interanual<\/strong>, situaci\u00f3n que manten\u00eda a la poblaci\u00f3n en vilo ante la preocupaci\u00f3n de que el valor se disparara.<\/p>\n\n\n\n<p>Si bien <strong>este aumento a\u00fan debe ser autorizado por el Gobierno de Tierra del Fuego<\/strong>, desde el organismo dejaron abierta la puerta para que los usuarios comerciales adquieran su propio medidor, pero el costo deber\u00e1 ser afrontado por el interesado.<\/p>\n\n\n\n<p>En efecto y a prop\u00f3sito de lo anterior, <strong>Claudia Fern\u00e1ndez<\/strong> hab\u00eda mencionado d\u00edas atr\u00e1s que &#8220;hay un problema por los costos de estos medidores&#8221;, y deslizado que no se sab\u00eda si ese gasto lo ten\u00edan que afrontar los negocios&#8221;.<\/p>\n\n\n\n<p>&#8220;Los medidores nuevos se entierran a mas de un metro y la medici\u00f3n se hace por esc\u00e1ner, no hay posibilidades ni necesidad de ponerlo frente a la vivienda que era otro de los inconvenientes que ten\u00edamos en los comercios&#8221;, a\u00f1adi\u00f3 la titular de la C\u00e1mara.<\/p>\n\n\n\n<p><strong>El \u00falitmo aumento en la tarifa se hab\u00eda aplicado un a\u00f1o y medio atr\u00e1s, en abril de 2022 y hab\u00eda sido de un 140%<\/strong>\u00a0pero en tres tramos.<\/p>\n\n\n\n<p><strong>Fuente: www.infofueguina.com<\/strong><\/p>\n","protected":false},"excerpt":{"rendered":"<p>Un 58% de aumento sufrir\u00e1n las boletas del suministro de agua de red de la Direcci\u00f3n Provincial de Obras Sanitarias (DPOSS) en septiembre, mientras que otro 24,6% se adicionar\u00e1 a partir de octubre, totalizando un 100,6% de incremento para los usuarios de Ushuaia y Tolhuin. El ajuste se aplicar\u00e1 a todas las categor\u00edas de usuarios [&hellip;]<\/p>\n","protected":false},"author":5,"featured_media":1834,"comment_status":"open","ping_status":"open","sticky":false,"template":"","format":"standard","meta":[],"categories":[11],"tags":[],"_links":{"self":[{"href":"https:\/\/politicapatagonica.com\/index.php\/wp-json\/wp\/v2\/posts\/1833"}],"collection":[{"href":"https:\/\/politicapatagonica.com\/index.php\/wp-json\/wp\/v2\/posts"}],"about":[{"href":"https:\/\/politicapatagonica.com\/index.php\/wp-json\/wp\/v2\/types\/post"}],"author":[{"embeddable":true,"href":"https:\/\/politicapatagonica.com\/index.php\/wp-json\/wp\/v2\/users\/5"}],"replies":[{"embeddable":true,"href":"https:\/\/politicapatagonica.com\/index.php\/wp-json\/wp\/v2\/comments?post=1833"}],"version-history":[{"count":1,"href":"https:\/\/politicapatagonica.com\/index.php\/wp-json\/wp\/v2\/posts\/1833\/revisions"}],"predecessor-version":[{"id":1835,"href":"https:\/\/politicapatagonica.com\/index.php\/wp-json\/wp\/v2\/posts\/1833\/revisions\/1835"}],"wp:featuredmedia":[{"embeddable":true,"href":"https:\/\/politicapatagonica.com\/index.php\/wp-json\/wp\/v2\/media\/1834"}],"wp:attachment":[{"href":"https:\/\/politicapatagonica.com\/index.php\/wp-json\/wp\/v2\/media?parent=1833"}],"wp:term":[{"taxonomy":"category","embeddable":true,"href":"https:\/\/politicapatagonica.com\/index.php\/wp-json\/wp\/v2\/categories?post=1833"},{"taxonomy":"post_tag","embeddable":true,"href":"https:\/\/politicapatagonica.com\/index.php\/wp-json\/wp\/v2\/tags?post=1833"}],"curies":[{"name":"wp","href":"https:\/\/api.w.org\/{rel}","templated":true}]}}