{"id":1830,"date":"2023-08-11T15:10:11","date_gmt":"2023-08-11T15:10:11","guid":{"rendered":"https:\/\/politicapatagonica.com\/?p=1830"},"modified":"2023-08-11T15:10:12","modified_gmt":"2023-08-11T15:10:12","slug":"glinski-en-multitudinario-encuentro-de-uxp-mi-compromiso-es-defender-y-cuidar-a-los-chubutenses","status":"publish","type":"post","link":"https:\/\/politicapatagonica.com\/index.php\/2023\/08\/11\/glinski-en-multitudinario-encuentro-de-uxp-mi-compromiso-es-defender-y-cuidar-a-los-chubutenses\/","title":{"rendered":"Glinski en multitudinario encuentro de UxP: \u201cMi compromiso es defender y cuidar a los chubutenses\u201d"},"content":{"rendered":"\n<p><strong>\u201cLa provincia de Chubut no puede estar ausente en la mesa donde se toman las decisiones, y vamos a representar los intereses de esta provincia trabajadora, de esta provincia que le ha dado mucho a la Argentina y le sigue dando\u201d<\/strong>, remarc\u00f3 Jos\u00e9 Glinski\u00a0ante un Complejo Deportivo de Petroleros Jer\u00e1rquicos colmado de militantes.<\/p>\n\n\n\n<p>En esa l\u00ednea, continu\u00f3 con sus palabras: &#8220;Vamos a defender la cuenca del Golfo San Jorge, los puestos de trabajo, y recordemos que entre 2015 y 2019, durante el gobierno de Macri, se llevaron puestas 4.000 familias en los yacimientos\u201d.<\/p>\n\n\n\n<p>\u201c<strong>Hagamos un pacto de que no vamos a abandonar nunca las banderas<\/strong>, vamos a cuidar el salario de nuestra gente y para que la pol\u00edtica est\u00e9 para defender los intereses del pueblo\u201d, subray\u00f3.<\/p>\n\n\n\n<p>Con el avecinamiento de las elecciones legislativas, el dirigente peronista enfatiz\u00f3 y pidi\u00f3por el voto al presidenciable que apoya, Sergio Massa:\u00a0<strong>\u201cLes pido que el pr\u00f3ximo domingo ustedes, sus familias, sus amigos pongan la boleta celeste y blanca, la que lleva a Sergio Massa como Presidente de la Rep\u00fablica Argentina, a la compa\u00f1era Liliana Corso que va a ocupar tareas legislativas y a este humilde servidor\u201d.<\/strong><\/p>\n\n\n\n<p>El precandidato a diputado nacional hizo una menci\u00f3n especial y un agradecimiento p\u00fablico al secretario general de Petroleros Jer\u00e1rquicos de la Patagonia Austral, Jos\u00e9 Llugdar. El acto de campa\u00f1a se llev\u00f3 en el Complejo Deportivo del Sindicato.<\/p>\n\n\n\n<p>Formaron parte del acto el senador nacional y presidente del PJ, <strong>Carlos Linares<\/strong>; el viceintendente e intendente electo, <strong>Othar Macharashvili<\/strong>; el secretario general de Camioneros de Chubut, <strong>Jorge Taboada<\/strong>; el secretario general de la UOCRA, <strong>Ra\u00fal Silva<\/strong>; <strong>Rub\u00e9n Crespo<\/strong>, dirigente de la UOCRA y vicepresidente de Hurac\u00e1n de Comodoro Rivadavia; el secretario de Organizaci\u00f3n Nacional de la Asociaci\u00f3n Bancaria, <strong>Walter Rey<\/strong>; el secretario de gobierno municipal, <strong>Maximiliano Sampaoli<\/strong>; la coordinadora de Funci\u00f3n P\u00fablica Municipal, <strong>Liliana Corso<\/strong>; la titular del PAMI, <strong>Eva D\u2019Urzo<\/strong>; la jefa de Anses UDAI Comodoro Rivadavia, <strong>Renata Hiller<\/strong>; diputados provinciales; y funcionarios municipales, concejales, entre otros dirigentes pol\u00edticos.<\/p>\n\n\n\n<p><strong>Fuente: www.elchubut.com.ar<\/strong><\/p>\n","protected":false},"excerpt":{"rendered":"<p>\u201cLa provincia de Chubut no puede estar ausente en la mesa donde se toman las decisiones, y vamos a representar los intereses de esta provincia trabajadora, de esta provincia que le ha dado mucho a la Argentina y le sigue dando\u201d, remarc\u00f3 Jos\u00e9 Glinski\u00a0ante un Complejo Deportivo de Petroleros Jer\u00e1rquicos colmado de militantes. En esa [&hellip;]<\/p>\n","protected":false},"author":5,"featured_media":1831,"comment_status":"open","ping_status":"open","sticky":false,"template":"","format":"standard","meta":[],"categories":[14],"tags":[],"_links":{"self":[{"href":"https:\/\/politicapatagonica.com\/index.php\/wp-json\/wp\/v2\/posts\/1830"}],"collection":[{"href":"https:\/\/politicapatagonica.com\/index.php\/wp-json\/wp\/v2\/posts"}],"about":[{"href":"https:\/\/politicapatagonica.com\/index.php\/wp-json\/wp\/v2\/types\/post"}],"author":[{"embeddable":true,"href":"https:\/\/politicapatagonica.com\/index.php\/wp-json\/wp\/v2\/users\/5"}],"replies":[{"embeddable":true,"href":"https:\/\/politicapatagonica.com\/index.php\/wp-json\/wp\/v2\/comments?post=1830"}],"version-history":[{"count":1,"href":"https:\/\/politicapatagonica.com\/index.php\/wp-json\/wp\/v2\/posts\/1830\/revisions"}],"predecessor-version":[{"id":1832,"href":"https:\/\/politicapatagonica.com\/index.php\/wp-json\/wp\/v2\/posts\/1830\/revisions\/1832"}],"wp:featuredmedia":[{"embeddable":true,"href":"https:\/\/politicapatagonica.com\/index.php\/wp-json\/wp\/v2\/media\/1831"}],"wp:attachment":[{"href":"https:\/\/politicapatagonica.com\/index.php\/wp-json\/wp\/v2\/media?parent=1830"}],"wp:term":[{"taxonomy":"category","embeddable":true,"href":"https:\/\/politicapatagonica.com\/index.php\/wp-json\/wp\/v2\/categories?post=1830"},{"taxonomy":"post_tag","embeddable":true,"href":"https:\/\/politicapatagonica.com\/index.php\/wp-json\/wp\/v2\/tags?post=1830"}],"curies":[{"name":"wp","href":"https:\/\/api.w.org\/{rel}","templated":true}]}}